{"id":53230,"date":"2022-11-25T08:10:23","date_gmt":"2022-11-25T14:10:23","guid":{"rendered":"http:\/\/bambapolitica.com.mx\/?p=53230"},"modified":"2022-11-25T08:10:26","modified_gmt":"2022-11-25T14:10:26","slug":"asesinan-a-balazos-a-un-policia-en-zacatecas-golpean-a-su-abuela","status":"publish","type":"post","link":"https:\/\/bambapolitica.com.mx\/index.php\/2022\/11\/25\/asesinan-a-balazos-a-un-policia-en-zacatecas-golpean-a-su-abuela\/","title":{"rendered":"Asesinan a balazos a un polic\u00eda en Zacatecas; golpean a su abuela"},"content":{"rendered":"\n<p>viernes, 25 de noviembre de 2022<\/p>\n\n\n\n<p>El polic\u00eda estaba por entrar a su turno de trabajo; la agresi\u00f3n se registr\u00f3 muy cerca de la Comandancia Policiaca Municipal.<br>Una fuerte movilizaci\u00f3n policiaca se registr\u00f3 la ma\u00f1ana de este jueves en la colonia Europa, en Zacatecas, despu\u00e9s de que se presentar\u00e1 un ataque armado a una viviendo ubicada en la calle Italia, casi esquina con Irlanda.<\/p>\n\n\n\n<p>A este domicilio arrib\u00f3 un polic\u00eda identificado como Manuel, quien estaba por entrar a su trabajo, pero antes de llegar a la comandancia policiaca ubicada cerca del lugar, pas\u00f3 a visitar a sus familiares.<br>En las inmediaciones ya lo esperaban los agresores, quienes se acercaron al polic\u00eda y sin mediar palabra lo asesinaron de un balazo en la cabeza. La abuela del agente, que abri\u00f3 la puerta y quiso defender a su nieto, fue agredida con un golpe que la dej\u00f3 inconsciente.<\/p>\n\n\n\n<p>A la llegada de los cuerpos de emergencia constataron que el polic\u00eda ya no contaba con signos vitales. Su abuela fue trasladada de emergencia a un hospital, donde se reporta grave.<\/p>\n\n\n\n<p>Debido a que la comandancia policiaca municipal se encuentra cerca del sitio de la agresi\u00f3n armada, se despleg\u00f3 un intenso operativo de seguridad p\u00fablica para intentar dar con los agresores; sin embargo, hasta el momento no se reporta la ubicaci\u00f3n o detenci\u00f3n de alguna persona relacionada con este hecho de violencia.<br>Con este asesinato, aumenta a 45 la cifra de polic\u00edas pertenecientes a corporaciones de seguridad p\u00fablica estatales asesinados durante el 2022.<\/p>\n","protected":false},"excerpt":{"rendered":"<p>viernes, 25 de noviembre de 2022 El polic\u00eda estaba por entrar a su turno de&#8230;<\/p>\n","protected":false},"author":3,"featured_media":53231,"comment_status":"closed","ping_status":"closed","sticky":false,"template":"","format":"standard","meta":{"footnotes":""},"categories":[2],"tags":[],"class_list":["post-53230","post","type-post","status-publish","format-standard","has-post-thumbnail","hentry","category-policiaca"],"_links":{"self":[{"href":"https:\/\/bambapolitica.com.mx\/index.php\/wp-json\/wp\/v2\/posts\/53230","targetHints":{"allow":["GET"]}}],"collection":[{"href":"https:\/\/bambapolitica.com.mx\/index.php\/wp-json\/wp\/v2\/posts"}],"about":[{"href":"https:\/\/bambapolitica.com.mx\/index.php\/wp-json\/wp\/v2\/types\/post"}],"author":[{"embeddable":true,"href":"https:\/\/bambapolitica.com.mx\/index.php\/wp-json\/wp\/v2\/users\/3"}],"replies":[{"embeddable":true,"href":"https:\/\/bambapolitica.com.mx\/index.php\/wp-json\/wp\/v2\/comments?post=53230"}],"version-history":[{"count":1,"href":"https:\/\/bambapolitica.com.mx\/index.php\/wp-json\/wp\/v2\/posts\/53230\/revisions"}],"predecessor-version":[{"id":53232,"href":"https:\/\/bambapolitica.com.mx\/index.php\/wp-json\/wp\/v2\/posts\/53230\/revisions\/53232"}],"wp:featuredmedia":[{"embeddable":true,"href":"https:\/\/bambapolitica.com.mx\/index.php\/wp-json\/wp\/v2\/media\/53231"}],"wp:attachment":[{"href":"https:\/\/bambapolitica.com.mx\/index.php\/wp-json\/wp\/v2\/media?parent=53230"}],"wp:term":[{"taxonomy":"category","embeddable":true,"href":"https:\/\/bambapolitica.com.mx\/index.php\/wp-json\/wp\/v2\/categories?post=53230"},{"taxonomy":"post_tag","embeddable":true,"href":"https:\/\/bambapolitica.com.mx\/index.php\/wp-json\/wp\/v2\/tags?post=53230"}],"curies":[{"name":"wp","href":"https:\/\/api.w.org\/{rel}","templated":true}]}}