{"id":53233,"date":"2022-11-25T08:18:00","date_gmt":"2022-11-25T14:18:00","guid":{"rendered":"http:\/\/bambapolitica.com.mx\/?p=53233"},"modified":"2022-11-25T08:18:01","modified_gmt":"2022-11-25T14:18:01","slug":"nino-asesinado-en-gam-era-golpeado-por-sus-tios-asegura-vecina-lo-tenian-amordazado","status":"publish","type":"post","link":"https:\/\/bambapolitica.com.mx\/index.php\/2022\/11\/25\/nino-asesinado-en-gam-era-golpeado-por-sus-tios-asegura-vecina-lo-tenian-amordazado\/","title":{"rendered":"Ni\u00f1o asesinado en GAM era golpeado por sus t\u00edos, asegura vecina: \u201clo ten\u00edan amordazado\u201d"},"content":{"rendered":"\n<p>viernes, 25 de noviembre de 2022<\/p>\n\n\n\n<p>La vecina de los t\u00edos y presuntos asesinos de Freddy asegur\u00f3 que, en 20 d\u00edas, el ni\u00f1o s\u00f3lo se pudo ba\u00f1ar dos veces con agua fr\u00eda.<\/p>\n\n\n\n<p><br>Los vecinos de Freddy, el ni\u00f1o encontrado en un callej\u00f3n semiinconsciente y que muri\u00f3 tras llegar a un hospital de la alcald\u00eda Gustavo A. Madero, aseguraron que \u00e9ste era golpeado constantemente por sus t\u00edos, quienes fueron detenidos por la Fiscal\u00eda General de Justicia (FGJ) de la Ciudad de M\u00e9xico.<\/p>\n\n\n\n<p>Habitante de Cuautepec y vecina de Flor \u2018N\u2019 y Rogelio \u2018N\u2019, t\u00edos de Freddy, asegur\u00f3 que el menor era golpeado constantemente, al tiempo que se encontraba amordazado para tratar de ocultar los gritos de dolor del ni\u00f1o de apenas ocho a\u00f1os.<\/p>\n\n\n\n<p>\u201cLa tortura que le hicieron, porque fue tortura, lo ten\u00edan amordazado\u2026 yo supe que lo ten\u00edan amordazado, amarrado\u201d.<br>De acuerdo con Lizzet, a las agresiones contra Freddy, a quien tambi\u00e9n lo conoc\u00edan como Pira\u00f1ito, tambi\u00e9n se sumaba el hijo de Flor \u2018N\u2019 y Rogelio \u2018N\u2019, quien golpe\u00f3 al ni\u00f1o con un palo de escoba en la cabeza.<\/p>\n\n\n\n<p>\u201cEl ni\u00f1o de 17 a\u00f1os, su hijo de ellos (Flor y Rogelio), le peg\u00f3 con un palo de escoba atr\u00e1s y le dijo \u2018qu\u00edtate, estorbo\u2019, pero con palabras m\u00e1s y le dio un palazo atr\u00e1s, con el palo de la escoba le peg\u00f3 atr\u00e1s, en la cabeza\u201d.<br>Adem\u00e1s de las constantes agresiones, Freddy era obligado a hacer quehaceres; sin embargo, no se le permit\u00eda ba\u00f1arse, pues durante los casi 20 d\u00edas en los que estuvo en casa de sus t\u00edos s\u00f3lo se pudo asear dos veces y con agua fr\u00eda.<\/p>\n\n\n\n<p>\u201cA \u00e9l lo ba\u00f1aban con agua fr\u00eda, de hecho, el ni\u00f1o a veces ven\u00eda\u2026 yo nada m\u00e1s vi que se aseara como dos veces, en los 20 d\u00edas que yo lo vi, el ni\u00f1o nada m\u00e1s se ase\u00f3 como dos veces\u201d.<br>El cuerpo de Pira\u00f1ito ser\u00e1 enviado al estado de Oaxaca, donde sus padres se encuentran trabajando.<\/p>\n","protected":false},"excerpt":{"rendered":"<p>viernes, 25 de noviembre de 2022 La vecina de los t\u00edos y presuntos asesinos de&#8230;<\/p>\n","protected":false},"author":3,"featured_media":53234,"comment_status":"closed","ping_status":"closed","sticky":false,"template":"","format":"standard","meta":{"footnotes":""},"categories":[2],"tags":[],"class_list":["post-53233","post","type-post","status-publish","format-standard","has-post-thumbnail","hentry","category-policiaca"],"_links":{"self":[{"href":"https:\/\/bambapolitica.com.mx\/index.php\/wp-json\/wp\/v2\/posts\/53233","targetHints":{"allow":["GET"]}}],"collection":[{"href":"https:\/\/bambapolitica.com.mx\/index.php\/wp-json\/wp\/v2\/posts"}],"about":[{"href":"https:\/\/bambapolitica.com.mx\/index.php\/wp-json\/wp\/v2\/types\/post"}],"author":[{"embeddable":true,"href":"https:\/\/bambapolitica.com.mx\/index.php\/wp-json\/wp\/v2\/users\/3"}],"replies":[{"embeddable":true,"href":"https:\/\/bambapolitica.com.mx\/index.php\/wp-json\/wp\/v2\/comments?post=53233"}],"version-history":[{"count":1,"href":"https:\/\/bambapolitica.com.mx\/index.php\/wp-json\/wp\/v2\/posts\/53233\/revisions"}],"predecessor-version":[{"id":53235,"href":"https:\/\/bambapolitica.com.mx\/index.php\/wp-json\/wp\/v2\/posts\/53233\/revisions\/53235"}],"wp:featuredmedia":[{"embeddable":true,"href":"https:\/\/bambapolitica.com.mx\/index.php\/wp-json\/wp\/v2\/media\/53234"}],"wp:attachment":[{"href":"https:\/\/bambapolitica.com.mx\/index.php\/wp-json\/wp\/v2\/media?parent=53233"}],"wp:term":[{"taxonomy":"category","embeddable":true,"href":"https:\/\/bambapolitica.com.mx\/index.php\/wp-json\/wp\/v2\/categories?post=53233"},{"taxonomy":"post_tag","embeddable":true,"href":"https:\/\/bambapolitica.com.mx\/index.php\/wp-json\/wp\/v2\/tags?post=53233"}],"curies":[{"name":"wp","href":"https:\/\/api.w.org\/{rel}","templated":true}]}}