{"id":53251,"date":"2022-11-25T09:09:37","date_gmt":"2022-11-25T15:09:37","guid":{"rendered":"http:\/\/bambapolitica.com.mx\/?p=53251"},"modified":"2022-11-25T09:09:40","modified_gmt":"2022-11-25T15:09:40","slug":"paramedica-atiende-a-joven-que-sufrio-un-accidente-vial-en-canada-y-se-da-cuenta-que-era-su-hija","status":"publish","type":"post","link":"https:\/\/bambapolitica.com.mx\/index.php\/2022\/11\/25\/paramedica-atiende-a-joven-que-sufrio-un-accidente-vial-en-canada-y-se-da-cuenta-que-era-su-hija\/","title":{"rendered":"Param\u00e9dica atiende a joven que sufri\u00f3 un accidente vial en Canad\u00e1 y se da cuenta que era su hija"},"content":{"rendered":"\n<p>viernes, 25 de noviembre de 2022<\/p>\n\n\n\n<p>La joven qued\u00f3 atrapada en el veh\u00edculo y horas despu\u00e9s, muri\u00f3.<br>Una param\u00e9dica de Canad\u00e1 atendi\u00f3 en un accidente mortal a su propia hija. La param\u00e9dica, Jayme Erickson narr\u00f3 que la llamaron el 15 de noviembre para cubrir un percance automovil\u00edstico, donde atendi\u00f3 a una joven herida de gravedad, misma que muri\u00f3 en el hospital y que estaba irreconocible debido a sus lesiones.<\/p>\n\n\n\n<p>Erickson se dio cuenta que era su hija cuando lleg\u00f3 a su casa y la buscaron los oficiales de la Polic\u00eda de Montana, quienes le informaron que la paciente en el hospital era su hija de 17 a\u00f1os.<br>La param\u00e9dica cont\u00f3 su fatal historia a los medios de comunicaci\u00f3n, donde record\u00f3 a su hija como una mujer exitosa que lograba todo lo que se propon\u00eda y que era una nadadora entusiasta que anhelaba ser abogada.<\/p>\n\n\n\n<p>\u201cEra tan hermosa. Si alguna vez se esforzaba en algo, lo lograba\u201d, mencion\u00f3 Erickson.<br>Por su parte Richard Reed, amigo y param\u00e9dico de vuelo, mencion\u00f3 el momento en que la mujer acudi\u00f3 al lugar del accidente, aquel donde su querida Montana muri\u00f3 cuando el autom\u00f3vil que abordaba se impact\u00f3 contra un cami\u00f3n.<\/p>\n\n\n\n<p>De acuerdo a Reed, el conductor consigui\u00f3 salir del auto pero la hija de Erickson qued\u00f3 atrapada con lesiones de gravedad. La param\u00e9dica fue la primera en llegar al accidente, y sabiendo que estaba en peligro, se sent\u00f3 a su lado hasta que pudieron sacarla del veh\u00edculo para despu\u00e9s trasladarla al hospital donde muri\u00f3. Pero ese entonces, Erickson no sab\u00eda que se trata de su hija Montana.<\/p>\n\n\n\n<p>\u201cAl entrar al cuarto, para su horror, se enter\u00f3 de que la joven con quien se sent\u00f3 en la parte trasera del veh\u00edculo para mantenerla viva para que la familia pudiera despedirse de ella, y quien debido a la gravedad de sus lesiones era irreconocible, era su propia hija\u201d, a\u00f1adi\u00f3 Reed.<br>Ahora la param\u00e9dica recuerda con mayor dolor los \u00faltimos momentos que pas\u00f3 a lado de su hija, a quien jam\u00e1s imagin\u00f3 despedir de esa manera.<\/p>\n","protected":false},"excerpt":{"rendered":"<p>viernes, 25 de noviembre de 2022 La joven qued\u00f3 atrapada en el veh\u00edculo y horas&#8230;<\/p>\n","protected":false},"author":3,"featured_media":53252,"comment_status":"closed","ping_status":"closed","sticky":false,"template":"","format":"standard","meta":{"footnotes":""},"categories":[5],"tags":[],"class_list":["post-53251","post","type-post","status-publish","format-standard","has-post-thumbnail","hentry","category-internacional"],"_links":{"self":[{"href":"https:\/\/bambapolitica.com.mx\/index.php\/wp-json\/wp\/v2\/posts\/53251","targetHints":{"allow":["GET"]}}],"collection":[{"href":"https:\/\/bambapolitica.com.mx\/index.php\/wp-json\/wp\/v2\/posts"}],"about":[{"href":"https:\/\/bambapolitica.com.mx\/index.php\/wp-json\/wp\/v2\/types\/post"}],"author":[{"embeddable":true,"href":"https:\/\/bambapolitica.com.mx\/index.php\/wp-json\/wp\/v2\/users\/3"}],"replies":[{"embeddable":true,"href":"https:\/\/bambapolitica.com.mx\/index.php\/wp-json\/wp\/v2\/comments?post=53251"}],"version-history":[{"count":1,"href":"https:\/\/bambapolitica.com.mx\/index.php\/wp-json\/wp\/v2\/posts\/53251\/revisions"}],"predecessor-version":[{"id":53253,"href":"https:\/\/bambapolitica.com.mx\/index.php\/wp-json\/wp\/v2\/posts\/53251\/revisions\/53253"}],"wp:featuredmedia":[{"embeddable":true,"href":"https:\/\/bambapolitica.com.mx\/index.php\/wp-json\/wp\/v2\/media\/53252"}],"wp:attachment":[{"href":"https:\/\/bambapolitica.com.mx\/index.php\/wp-json\/wp\/v2\/media?parent=53251"}],"wp:term":[{"taxonomy":"category","embeddable":true,"href":"https:\/\/bambapolitica.com.mx\/index.php\/wp-json\/wp\/v2\/categories?post=53251"},{"taxonomy":"post_tag","embeddable":true,"href":"https:\/\/bambapolitica.com.mx\/index.php\/wp-json\/wp\/v2\/tags?post=53251"}],"curies":[{"name":"wp","href":"https:\/\/api.w.org\/{rel}","templated":true}]}}