{"id":53256,"date":"2022-11-25T09:16:24","date_gmt":"2022-11-25T15:16:24","guid":{"rendered":"http:\/\/bambapolitica.com.mx\/?p=53256"},"modified":"2022-11-25T09:16:26","modified_gmt":"2022-11-25T15:16:26","slug":"neymar-y-danilo-se-pierden-la-fase-de-grupos-de-qatar-2022","status":"publish","type":"post","link":"https:\/\/bambapolitica.com.mx\/index.php\/2022\/11\/25\/neymar-y-danilo-se-pierden-la-fase-de-grupos-de-qatar-2022\/","title":{"rendered":"Neymar y Danilo se pierden la fase de grupos de Qatar 2022"},"content":{"rendered":"\n<p>viernes, 25 de noviembre de 2022<\/p>\n\n\n\n<p>Los brasile\u00f1os Neymar y Danilo se lesionaron el jueves en la victoria por marcador de 2-0 ante la Selecci\u00f3n de Serbia<br>Neymar J\u00fanior y Danilo se perder\u00e1n los dos partidos que quedan de la fase de grupos, ante Suiza y Camer\u00fan, por sendas lesiones en el tobillo.<\/p>\n\n\n\n<p>Tanto Neymar como Danilo se lesionaron en la victoria por 2-0 ante Serbia y ambos jugadores pasaron ex\u00e1menes esta ma\u00f1ana en Doha, antes de un entrenamiento realizado en el Grand Hamad Stadium en el que no estuvieron presentes.<\/p>\n\n\n\n<p>Seg\u00fan informan medios brasile\u00f1os, ambos jugadores no podr\u00e1n regresar antes del final de la fase de grupos.<\/p>\n\n\n\n<p>La baja del jugador del Juventus de Tur\u00edn puede propiciar la aparici\u00f3n en ese lateral derecho de \u00c9der Militao, suplente ante Serbia, o de Dani Alves, que a sus 39 a\u00f1os est\u00e1 presente en la convocatoria brasile\u00f1a.<\/p>\n\n\n\n<p>Por su parte, sin Neymar, Tite tiene la posibilidad de alinear a Antony, del Manchester United, o a Gabriel Jes\u00fas o Rodrygo como segundo punta.<\/p>\n\n\n\n<p>El t\u00e9cnico brasile\u00f1o conf\u00eda en recuperar a Neymar antes del final del Mundial, pero esta lesi\u00f3n le ha tenido m\u00e1s de 300 d\u00edas de baja a lo largo de su carrera y podr\u00eda obligarle a jugar mermado en lo que resta de torneo.<\/p>\n","protected":false},"excerpt":{"rendered":"<p>viernes, 25 de noviembre de 2022 Los brasile\u00f1os Neymar y Danilo se lesionaron el jueves&#8230;<\/p>\n","protected":false},"author":3,"featured_media":53257,"comment_status":"closed","ping_status":"closed","sticky":false,"template":"","format":"standard","meta":{"footnotes":""},"categories":[16],"tags":[],"class_list":["post-53256","post","type-post","status-publish","format-standard","has-post-thumbnail","hentry","category-deportes"],"_links":{"self":[{"href":"https:\/\/bambapolitica.com.mx\/index.php\/wp-json\/wp\/v2\/posts\/53256","targetHints":{"allow":["GET"]}}],"collection":[{"href":"https:\/\/bambapolitica.com.mx\/index.php\/wp-json\/wp\/v2\/posts"}],"about":[{"href":"https:\/\/bambapolitica.com.mx\/index.php\/wp-json\/wp\/v2\/types\/post"}],"author":[{"embeddable":true,"href":"https:\/\/bambapolitica.com.mx\/index.php\/wp-json\/wp\/v2\/users\/3"}],"replies":[{"embeddable":true,"href":"https:\/\/bambapolitica.com.mx\/index.php\/wp-json\/wp\/v2\/comments?post=53256"}],"version-history":[{"count":1,"href":"https:\/\/bambapolitica.com.mx\/index.php\/wp-json\/wp\/v2\/posts\/53256\/revisions"}],"predecessor-version":[{"id":53258,"href":"https:\/\/bambapolitica.com.mx\/index.php\/wp-json\/wp\/v2\/posts\/53256\/revisions\/53258"}],"wp:featuredmedia":[{"embeddable":true,"href":"https:\/\/bambapolitica.com.mx\/index.php\/wp-json\/wp\/v2\/media\/53257"}],"wp:attachment":[{"href":"https:\/\/bambapolitica.com.mx\/index.php\/wp-json\/wp\/v2\/media?parent=53256"}],"wp:term":[{"taxonomy":"category","embeddable":true,"href":"https:\/\/bambapolitica.com.mx\/index.php\/wp-json\/wp\/v2\/categories?post=53256"},{"taxonomy":"post_tag","embeddable":true,"href":"https:\/\/bambapolitica.com.mx\/index.php\/wp-json\/wp\/v2\/tags?post=53256"}],"curies":[{"name":"wp","href":"https:\/\/api.w.org\/{rel}","templated":true}]}}