{"id":53277,"date":"2022-11-26T09:55:00","date_gmt":"2022-11-26T15:55:00","guid":{"rendered":"http:\/\/bambapolitica.com.mx\/?p=53277"},"modified":"2022-11-25T09:56:46","modified_gmt":"2022-11-25T15:56:46","slug":"oposicion-debe-formar-alianza-fuerte-para-poder-competir-con-morena-en-2024-monreal","status":"publish","type":"post","link":"https:\/\/bambapolitica.com.mx\/index.php\/2022\/11\/26\/oposicion-debe-formar-alianza-fuerte-para-poder-competir-con-morena-en-2024-monreal\/","title":{"rendered":"Oposici\u00f3n debe formar alianza fuerte para poder competir con Morena en 2024: Monreal"},"content":{"rendered":"\n<p>sabado , 26 de noviembre de 2022<\/p>\n\n\n\n<p>El l\u00edder de Morena en el Senado asegur\u00f3 que quien sea el aspirante de la oposici\u00f3n para la contienda presidencial debe tener la habilidad de integrarlos a todos.<\/p>\n\n\n\n<p>El coordinador de la mayor\u00eda en el Senado, Ricardo Monreal, asegur\u00f3 que, para intentar competir con Morena en las elecciones presidenciales de 2024, la oposici\u00f3n debe formar una alianza muy fuerte. En entrevista con Azucena Uresti para Radio F\u00f3rmula, Monreal asegur\u00f3 que quien sea el aspirante de la oposici\u00f3n para la contienda presidencial debe tener la habilidad de integrarlos a todos.<br>&#8220;Yo creo que el aspirante de la oposici\u00f3n debe tener la habilidad de integrarlos a todos. &#8220;Lo que debe hacer la oposici\u00f3n es una gran coalici\u00f3n para intentar competirle a Morena&#8221;, dijo. Ante el rumor de que \u00e9l ser\u00e1 el pr\u00f3ximo candidato de Movimiento Ciudadano para la contienda por el puesto del presidente L\u00f3pez Obrador, Monreal adelant\u00f3 que, aunque tiene amigos en todos los partidos y se lleva bien con los coordinadores, por ahora no est\u00e1 en sus planes. &#8220;Tengo amigos en todos los partidos, en el PAN, PRI, PRD, y estoy muy tranquilo. Creo que el tiempo nos dir\u00e1 en d\u00f3nde debemos estar, soy un hombre sereno que quiere mucho a su pa\u00eds y donde me necesite M\u00e9xico es donde debo estar. &#8220;He estado hablando con todos y tengo una relaci\u00f3n de respeto y afecto con Dante delgado y militantes de Movimiento Ciudadano, de hecho fui coordinador de este grupo de 2012-2015, pero no&#8221;, declar\u00f3. Respecto a la alternancia en el poder, el tambi\u00e9n presidente de la Junta de Coordinaci\u00f3n Pol\u00edtica dijo que la gente es quien decidir\u00e1 si Morena contin\u00faa o no. &#8220;La democracia as\u00ed es: la gente es la que decide y ahora est\u00e1 valorando la actuaci\u00f3n del gobierno, los votos se deciden en funci\u00f3n de los resultados&#8221;.<\/p>\n","protected":false},"excerpt":{"rendered":"<p>sabado , 26 de noviembre de 2022 El l\u00edder de Morena en el Senado asegur\u00f3&#8230;<\/p>\n","protected":false},"author":3,"featured_media":53278,"comment_status":"closed","ping_status":"closed","sticky":false,"template":"","format":"standard","meta":{"footnotes":""},"categories":[4],"tags":[],"class_list":["post-53277","post","type-post","status-publish","format-standard","has-post-thumbnail","hentry","category-noticias-del-dia"],"_links":{"self":[{"href":"https:\/\/bambapolitica.com.mx\/index.php\/wp-json\/wp\/v2\/posts\/53277","targetHints":{"allow":["GET"]}}],"collection":[{"href":"https:\/\/bambapolitica.com.mx\/index.php\/wp-json\/wp\/v2\/posts"}],"about":[{"href":"https:\/\/bambapolitica.com.mx\/index.php\/wp-json\/wp\/v2\/types\/post"}],"author":[{"embeddable":true,"href":"https:\/\/bambapolitica.com.mx\/index.php\/wp-json\/wp\/v2\/users\/3"}],"replies":[{"embeddable":true,"href":"https:\/\/bambapolitica.com.mx\/index.php\/wp-json\/wp\/v2\/comments?post=53277"}],"version-history":[{"count":1,"href":"https:\/\/bambapolitica.com.mx\/index.php\/wp-json\/wp\/v2\/posts\/53277\/revisions"}],"predecessor-version":[{"id":53279,"href":"https:\/\/bambapolitica.com.mx\/index.php\/wp-json\/wp\/v2\/posts\/53277\/revisions\/53279"}],"wp:featuredmedia":[{"embeddable":true,"href":"https:\/\/bambapolitica.com.mx\/index.php\/wp-json\/wp\/v2\/media\/53278"}],"wp:attachment":[{"href":"https:\/\/bambapolitica.com.mx\/index.php\/wp-json\/wp\/v2\/media?parent=53277"}],"wp:term":[{"taxonomy":"category","embeddable":true,"href":"https:\/\/bambapolitica.com.mx\/index.php\/wp-json\/wp\/v2\/categories?post=53277"},{"taxonomy":"post_tag","embeddable":true,"href":"https:\/\/bambapolitica.com.mx\/index.php\/wp-json\/wp\/v2\/tags?post=53277"}],"curies":[{"name":"wp","href":"https:\/\/api.w.org\/{rel}","templated":true}]}}