{"id":53290,"date":"2022-11-28T12:48:21","date_gmt":"2022-11-28T18:48:21","guid":{"rendered":"http:\/\/bambapolitica.com.mx\/?p=53290"},"modified":"2022-11-28T12:48:23","modified_gmt":"2022-11-28T18:48:23","slug":"anuncia-brasil-acosta-su-voto-en-contra-por-reforma-electoral-rindio-informe-legislativo-en-texcoco","status":"publish","type":"post","link":"https:\/\/bambapolitica.com.mx\/index.php\/2022\/11\/28\/anuncia-brasil-acosta-su-voto-en-contra-por-reforma-electoral-rindio-informe-legislativo-en-texcoco\/","title":{"rendered":"Anuncia Brasil Acosta su voto en contra por reforma electoral; rindi\u00f3 informe legislativo en Texcoco"},"content":{"rendered":"\n<p>28 noviembre 2022.<\/p>\n\n\n\n<p>El diputado federal Brasil Acosta Pe\u00f1a rindi\u00f3, hace unos d\u00edas, su informe legislativo donde enumer\u00f3 la serie de acciones que ha emprendido para \u201cllamar a los mexiquenses a unirnos&nbsp;<\/p>\n\n\n\n<p>El diputado Brasil Alberto Acosta se\u00f1al\u00f3 que se ha reducido el pron\u00f3stico de crecimiento por parte de la OCDE de tres al 1.5 por ciento para 2023 y hay especialistas que adelantan .<\/p>\n\n\n\n<p>Puntualiz\u00f3 su acci\u00f3n de apoyar tareas de divulgaci\u00f3n cultural a trav\u00e9s de la edici\u00f3n de libros como \u201cMirada Art\u00edstica de Texcoco\u201d, de Rafael Jim\u00e9nez Vel\u00e1zquez.<\/p>\n\n\n\n<p><strong>Entre otros invitados especiales, acompa\u00f1aron al legislador el ex alcalde de Texcoco, H\u00e9ctor Terrazas, los actuales regidores Jorge S\u00e1nchez y Carla Morell, as\u00ed como Rafael Jim\u00e9nez.<\/strong><\/p>\n","protected":false},"excerpt":{"rendered":"<p>28 noviembre 2022. El diputado federal Brasil Acosta Pe\u00f1a rindi\u00f3, hace unos d\u00edas, su informe&#8230;<\/p>\n","protected":false},"author":3,"featured_media":53291,"comment_status":"closed","ping_status":"closed","sticky":false,"template":"","format":"standard","meta":{"footnotes":""},"categories":[4],"tags":[],"class_list":["post-53290","post","type-post","status-publish","format-standard","has-post-thumbnail","hentry","category-noticias-del-dia"],"_links":{"self":[{"href":"https:\/\/bambapolitica.com.mx\/index.php\/wp-json\/wp\/v2\/posts\/53290","targetHints":{"allow":["GET"]}}],"collection":[{"href":"https:\/\/bambapolitica.com.mx\/index.php\/wp-json\/wp\/v2\/posts"}],"about":[{"href":"https:\/\/bambapolitica.com.mx\/index.php\/wp-json\/wp\/v2\/types\/post"}],"author":[{"embeddable":true,"href":"https:\/\/bambapolitica.com.mx\/index.php\/wp-json\/wp\/v2\/users\/3"}],"replies":[{"embeddable":true,"href":"https:\/\/bambapolitica.com.mx\/index.php\/wp-json\/wp\/v2\/comments?post=53290"}],"version-history":[{"count":1,"href":"https:\/\/bambapolitica.com.mx\/index.php\/wp-json\/wp\/v2\/posts\/53290\/revisions"}],"predecessor-version":[{"id":53292,"href":"https:\/\/bambapolitica.com.mx\/index.php\/wp-json\/wp\/v2\/posts\/53290\/revisions\/53292"}],"wp:featuredmedia":[{"embeddable":true,"href":"https:\/\/bambapolitica.com.mx\/index.php\/wp-json\/wp\/v2\/media\/53291"}],"wp:attachment":[{"href":"https:\/\/bambapolitica.com.mx\/index.php\/wp-json\/wp\/v2\/media?parent=53290"}],"wp:term":[{"taxonomy":"category","embeddable":true,"href":"https:\/\/bambapolitica.com.mx\/index.php\/wp-json\/wp\/v2\/categories?post=53290"},{"taxonomy":"post_tag","embeddable":true,"href":"https:\/\/bambapolitica.com.mx\/index.php\/wp-json\/wp\/v2\/tags?post=53290"}],"curies":[{"name":"wp","href":"https:\/\/api.w.org\/{rel}","templated":true}]}}