{"id":53307,"date":"2022-11-28T14:22:02","date_gmt":"2022-11-28T20:22:02","guid":{"rendered":"http:\/\/bambapolitica.com.mx\/?p=53307"},"modified":"2022-11-28T14:22:04","modified_gmt":"2022-11-28T20:22:04","slug":"ssc-desmantela-celula-criminal-relacionada-con-la-union-tepito","status":"publish","type":"post","link":"https:\/\/bambapolitica.com.mx\/index.php\/2022\/11\/28\/ssc-desmantela-celula-criminal-relacionada-con-la-union-tepito\/","title":{"rendered":"SSC desmantela c\u00e9lula criminal relacionada con la Uni\u00f3n Tepito"},"content":{"rendered":"\n<p>28 noviembre 2022.<\/p>\n\n\n\n<p>La Secretar\u00eda de Seguridad Ciudadana indic\u00f3 que se cumplimentaron nueve \u00f3rdenes de aprehensi\u00f3n.<\/p>\n\n\n\n<p>Elementos de la Secretar\u00eda de Seguridad Ciudadana (SSC) cumplimentaron <strong>nueve \u00f3rdenes de aprehensi\u00f3n contra integrantes de La Uni\u00f3n Tepito<\/strong>, entre ellos Ra\u00fal Rojas Molina, alias &#8216;<strong>Mi Jefe&#8217;,<\/strong> detenido en mayo pasado, y quien es identificado como uno de los l\u00edderes de dicha organizaci\u00f3n y como colaborador de Roberto Mollado Esparza, <strong>&#8216;El Betito&#8217;.<\/strong><\/p>\n\n\n\n<p>En conferencia de prensa, el titular de polic\u00eda capitalina<strong>, Omar Garc\u00eda Harfuch,<\/strong> dio a conocer la ejecuci\u00f3n de los mandamientos judiciales por su presunta responsabilidad en el delito de asociaci\u00f3n delictuosa, adem\u00e1s de que a las nueve personas se les vincula principalmente con <a href=\"https:\/\/www.telediario.mx\/politica\/extorsiones-alcaldia-cuauhtemoc-incrementado-pan-cdmx\">extorsiones a comerciantes<\/a> de las alcald\u00eda<strong>s Venustiano Carranza y Cuauht\u00e9moc.<\/strong><\/p>\n\n\n\n<p>\u201cSe identific\u00f3 la operaci\u00f3n y presencia de una c\u00e9lula criminal en las alcald\u00edas Venustiano Carranza y Cuauht\u00e9moc particularmente en la zona centro de la ciudad. Dicha organizaci\u00f3n se dedica a la venta y distribuci\u00f3n de drogas, pero lo m\u00e1s importante, a la extorsi\u00f3n y cobro de piso en agarvio de comerciantes y locatarios a quienes les exig\u00edan cantidades que van desde los 10 mil hasta 100 mil pesos\u201d, mencion\u00f3 Garc\u00eda Harfuch.<\/p>\n\n\n\n<p>\u201cEl l\u00edder de esta c\u00e9lula es conocido como Ra\u00fal &#8220;N&#8221;, alias El Jefe, quien fue detenido por la Polic\u00eda de Investigaci\u00f3n de la Fiscal\u00eda General de Justicia en el mes de mayo de 2022, y es considerado como uno de los principales generadores de violencia en las alcald\u00edas Cuauht\u00e9moc y Venustiano Carranza, dicho sujeto fung\u00eda como colaborador de Roberto&#8221;N&#8221;, alias El Betito, l\u00edder de una organizaci\u00f3n que opera en Tepito\u201d, a\u00f1adi\u00f3 el funcionario.<\/p>\n\n\n\n<p>Entre el 10 y 23 de noviembre pasados se realizaron los <strong>operativos para cumplimentar las nueve \u00f3rdenes de aprehensi\u00f3n.<\/strong> En la primera de estas fechas la polic\u00eda capitalina captur\u00f3 a tres personas, entre ellas Manuel Alberto \u201cN\u201d, alias &#8216;El Carnal&#8217; 14, principal operador de &#8216;Mi Jefe&#8217; y Miguel \u00c1ngel \u201cN\u201d, alias &#8216;El Pri&#8217;, quien presuntamente lideraba a un grupo de 20 personas que fung\u00edan como<strong> sicarios para la c\u00e9lula delictiva.<\/strong><\/p>\n","protected":false},"excerpt":{"rendered":"<p>28 noviembre 2022. La Secretar\u00eda de Seguridad Ciudadana indic\u00f3 que se cumplimentaron nueve \u00f3rdenes de&#8230;<\/p>\n","protected":false},"author":3,"featured_media":53308,"comment_status":"closed","ping_status":"closed","sticky":false,"template":"","format":"standard","meta":{"footnotes":""},"categories":[4],"tags":[],"class_list":["post-53307","post","type-post","status-publish","format-standard","has-post-thumbnail","hentry","category-noticias-del-dia"],"_links":{"self":[{"href":"https:\/\/bambapolitica.com.mx\/index.php\/wp-json\/wp\/v2\/posts\/53307","targetHints":{"allow":["GET"]}}],"collection":[{"href":"https:\/\/bambapolitica.com.mx\/index.php\/wp-json\/wp\/v2\/posts"}],"about":[{"href":"https:\/\/bambapolitica.com.mx\/index.php\/wp-json\/wp\/v2\/types\/post"}],"author":[{"embeddable":true,"href":"https:\/\/bambapolitica.com.mx\/index.php\/wp-json\/wp\/v2\/users\/3"}],"replies":[{"embeddable":true,"href":"https:\/\/bambapolitica.com.mx\/index.php\/wp-json\/wp\/v2\/comments?post=53307"}],"version-history":[{"count":1,"href":"https:\/\/bambapolitica.com.mx\/index.php\/wp-json\/wp\/v2\/posts\/53307\/revisions"}],"predecessor-version":[{"id":53309,"href":"https:\/\/bambapolitica.com.mx\/index.php\/wp-json\/wp\/v2\/posts\/53307\/revisions\/53309"}],"wp:featuredmedia":[{"embeddable":true,"href":"https:\/\/bambapolitica.com.mx\/index.php\/wp-json\/wp\/v2\/media\/53308"}],"wp:attachment":[{"href":"https:\/\/bambapolitica.com.mx\/index.php\/wp-json\/wp\/v2\/media?parent=53307"}],"wp:term":[{"taxonomy":"category","embeddable":true,"href":"https:\/\/bambapolitica.com.mx\/index.php\/wp-json\/wp\/v2\/categories?post=53307"},{"taxonomy":"post_tag","embeddable":true,"href":"https:\/\/bambapolitica.com.mx\/index.php\/wp-json\/wp\/v2\/tags?post=53307"}],"curies":[{"name":"wp","href":"https:\/\/api.w.org\/{rel}","templated":true}]}}