{"id":53325,"date":"2022-11-28T15:23:04","date_gmt":"2022-11-28T21:23:04","guid":{"rendered":"http:\/\/bambapolitica.com.mx\/?p=53325"},"modified":"2022-11-29T08:55:34","modified_gmt":"2022-11-29T14:55:34","slug":"acribillan-en-la-colonia-morelos-a-dos-hombres","status":"publish","type":"post","link":"https:\/\/bambapolitica.com.mx\/index.php\/2022\/11\/28\/acribillan-en-la-colonia-morelos-a-dos-hombres\/","title":{"rendered":"Acribillan en la colonia Morelos a dos hombres"},"content":{"rendered":"\n<p>martes, 29 de noviembre de 2022<\/p>\n\n\n\n<p>Dos hombres fueron asesinados a disparos en la colonia Morelos de la Ciudad de M\u00e9xico cuando se encontraban afuera de una vecindad.<\/p>\n\n\n\n<p>Dos hombres fueron asesinados en la colonia Morelos de la Ciudad de M\u00e9xico.<\/p>\n\n\n\n<p>Las v\u00edctimas se encontraban afuera de una vecindad cuando fueron interceptadas por sujetos armados, quienes les dispararon en al menos 10 ocasiones.<\/p>\n\n\n\n<p>Los hombres murieron en el acto y posteriormente fueron identificados como Carlos R. y Ra\u00fal O.<\/p>\n\n\n\n<p>Se presume que son miembros de un grupo delictivo de la zona.<\/p>\n\n\n\n<p>Peritos de la Fiscal\u00eda General de Justicia (FGJ) de la Ciudad de M\u00e9xico llegaron al sitio para el levantamiento de los cuerpos y el inicio de la investigaci\u00f3n correspondiente.<\/p>\n","protected":false},"excerpt":{"rendered":"<p>martes, 29 de noviembre de 2022 Dos hombres fueron asesinados a disparos en la colonia&#8230;<\/p>\n","protected":false},"author":3,"featured_media":53326,"comment_status":"closed","ping_status":"closed","sticky":false,"template":"","format":"standard","meta":{"footnotes":""},"categories":[2],"tags":[],"class_list":["post-53325","post","type-post","status-publish","format-standard","has-post-thumbnail","hentry","category-policiaca"],"_links":{"self":[{"href":"https:\/\/bambapolitica.com.mx\/index.php\/wp-json\/wp\/v2\/posts\/53325","targetHints":{"allow":["GET"]}}],"collection":[{"href":"https:\/\/bambapolitica.com.mx\/index.php\/wp-json\/wp\/v2\/posts"}],"about":[{"href":"https:\/\/bambapolitica.com.mx\/index.php\/wp-json\/wp\/v2\/types\/post"}],"author":[{"embeddable":true,"href":"https:\/\/bambapolitica.com.mx\/index.php\/wp-json\/wp\/v2\/users\/3"}],"replies":[{"embeddable":true,"href":"https:\/\/bambapolitica.com.mx\/index.php\/wp-json\/wp\/v2\/comments?post=53325"}],"version-history":[{"count":2,"href":"https:\/\/bambapolitica.com.mx\/index.php\/wp-json\/wp\/v2\/posts\/53325\/revisions"}],"predecessor-version":[{"id":53375,"href":"https:\/\/bambapolitica.com.mx\/index.php\/wp-json\/wp\/v2\/posts\/53325\/revisions\/53375"}],"wp:featuredmedia":[{"embeddable":true,"href":"https:\/\/bambapolitica.com.mx\/index.php\/wp-json\/wp\/v2\/media\/53326"}],"wp:attachment":[{"href":"https:\/\/bambapolitica.com.mx\/index.php\/wp-json\/wp\/v2\/media?parent=53325"}],"wp:term":[{"taxonomy":"category","embeddable":true,"href":"https:\/\/bambapolitica.com.mx\/index.php\/wp-json\/wp\/v2\/categories?post=53325"},{"taxonomy":"post_tag","embeddable":true,"href":"https:\/\/bambapolitica.com.mx\/index.php\/wp-json\/wp\/v2\/tags?post=53325"}],"curies":[{"name":"wp","href":"https:\/\/api.w.org\/{rel}","templated":true}]}}