{"id":53328,"date":"2022-11-28T16:54:30","date_gmt":"2022-11-28T22:54:30","guid":{"rendered":"http:\/\/bambapolitica.com.mx\/?p=53328"},"modified":"2022-11-29T08:54:56","modified_gmt":"2022-11-29T14:54:56","slug":"detienen-a-hombre-por-presuntamente-asesinar-a-su-pareja-sentimental-en-torreon","status":"publish","type":"post","link":"https:\/\/bambapolitica.com.mx\/index.php\/2022\/11\/28\/detienen-a-hombre-por-presuntamente-asesinar-a-su-pareja-sentimental-en-torreon\/","title":{"rendered":"Detienen a hombre por presuntamente asesinar a su pareja sentimental en Torre\u00f3n"},"content":{"rendered":"\n<p>martes, 29 de noviembre de 2022<\/p>\n\n\n\n<p>Un Juez del Centro de Justicia Penal gir\u00f3 la orden de aprehensi\u00f3n.<\/p>\n\n\n\n<p>Por su probable responsabilidad en el delito de feminicidio, cometido el pasado 25 de noviembre en <strong>Torre\u00f3n, fue que la Fiscal\u00eda General de Coahuila,<\/strong> llev\u00f3 a cabo la detenci\u00f3n de<strong> Clemente &#8216;N&#8217; de 62 a\u00f1os de edad<\/strong>, luego de que un Juez del Centro de Justicia Penal, girara la orden de aprehensi\u00f3n.<\/p>\n\n\n\n<p>Cabe hacer menci\u00f3n que fue la fecha mencionada, cuando en un domicilio de la zona centro, fue localizada quien en vida respond\u00eda al nombre de <strong>Olga Mayela&#8217; N&#8217;<\/strong> de 67 a\u00f1os de edad, misma que presentaba huellas de violencia, golpes contusos en el cr\u00e1neo y se encontraba atada de manos y pies, en uno de los sillones del lugar.<\/p>\n\n\n\n<p><strong>\u00bfC\u00f3mo ocurrieron los hechos?<\/strong><\/p>\n\n\n\n<p>As\u00ed mismo se dio a conocer que tras iniciar la investigaci\u00f3n, trascendi\u00f3 que el ahora imputado, sosten\u00eda una relaci\u00f3n personal con la v\u00edctima, de tal manera que tras una discusi\u00f3n verbal y f\u00edsica que tuvo lugar el <strong>pasado 21 de noviembre,<\/strong> el hombre termin\u00f3 arrebat\u00e1ndole la vida, luego de golpearla con un martillo y estrangularla, para despu\u00e9s escapar con diversi\u00f3n objetos de la fallecida.<\/p>\n\n\n\n<p>De tal manera que fue despu\u00e9s de reunir los datos de prueba, que el agente de Ministerio P\u00fablico, solicit\u00f3 al juez de la causa, el mecanismo de aprehensi\u00f3n, para poder iniciar con debido proceso, donde el presunto responsable ser\u00e1 juzgado por el delito de feminicidio.<\/p>\n","protected":false},"excerpt":{"rendered":"<p>martes, 29 de noviembre de 2022 Un Juez del Centro de Justicia Penal gir\u00f3 la&#8230;<\/p>\n","protected":false},"author":3,"featured_media":53329,"comment_status":"closed","ping_status":"closed","sticky":false,"template":"","format":"standard","meta":{"footnotes":""},"categories":[2],"tags":[],"class_list":["post-53328","post","type-post","status-publish","format-standard","has-post-thumbnail","hentry","category-policiaca"],"_links":{"self":[{"href":"https:\/\/bambapolitica.com.mx\/index.php\/wp-json\/wp\/v2\/posts\/53328","targetHints":{"allow":["GET"]}}],"collection":[{"href":"https:\/\/bambapolitica.com.mx\/index.php\/wp-json\/wp\/v2\/posts"}],"about":[{"href":"https:\/\/bambapolitica.com.mx\/index.php\/wp-json\/wp\/v2\/types\/post"}],"author":[{"embeddable":true,"href":"https:\/\/bambapolitica.com.mx\/index.php\/wp-json\/wp\/v2\/users\/3"}],"replies":[{"embeddable":true,"href":"https:\/\/bambapolitica.com.mx\/index.php\/wp-json\/wp\/v2\/comments?post=53328"}],"version-history":[{"count":2,"href":"https:\/\/bambapolitica.com.mx\/index.php\/wp-json\/wp\/v2\/posts\/53328\/revisions"}],"predecessor-version":[{"id":53374,"href":"https:\/\/bambapolitica.com.mx\/index.php\/wp-json\/wp\/v2\/posts\/53328\/revisions\/53374"}],"wp:featuredmedia":[{"embeddable":true,"href":"https:\/\/bambapolitica.com.mx\/index.php\/wp-json\/wp\/v2\/media\/53329"}],"wp:attachment":[{"href":"https:\/\/bambapolitica.com.mx\/index.php\/wp-json\/wp\/v2\/media?parent=53328"}],"wp:term":[{"taxonomy":"category","embeddable":true,"href":"https:\/\/bambapolitica.com.mx\/index.php\/wp-json\/wp\/v2\/categories?post=53328"},{"taxonomy":"post_tag","embeddable":true,"href":"https:\/\/bambapolitica.com.mx\/index.php\/wp-json\/wp\/v2\/tags?post=53328"}],"curies":[{"name":"wp","href":"https:\/\/api.w.org\/{rel}","templated":true}]}}