{"id":53344,"date":"2022-11-29T07:46:01","date_gmt":"2022-11-29T13:46:01","guid":{"rendered":"http:\/\/bambapolitica.com.mx\/?p=53344"},"modified":"2022-11-29T07:46:04","modified_gmt":"2022-11-29T13:46:04","slug":"eleccion-popular-alejaria-a-magistrados-de-la-justicia-advierte-presidente-del-tepjf","status":"publish","type":"post","link":"https:\/\/bambapolitica.com.mx\/index.php\/2022\/11\/29\/eleccion-popular-alejaria-a-magistrados-de-la-justicia-advierte-presidente-del-tepjf\/","title":{"rendered":"Elecci\u00f3n popular alejar\u00eda a magistrados de la justicia, advierte presidente del TEPJF"},"content":{"rendered":"\n<p>martes, 29 de noviembre de 2022<\/p>\n\n\n\n<p>Reyes Rodr\u00edguez Mondrag\u00f3n expuso que, para ser magistrado, se requiere de una especializaci\u00f3n, conocimiento t\u00e9cnico y una preparaci\u00f3n.<\/p>\n\n\n\n<p><br>La elecci\u00f3n de magistrados mediante el voto popular debilitar\u00eda la independencia e imparcialidad de su actuar, sostuvo el magistrado presidente del Tribunal Electoral del Poder Judicial de la Federaci\u00f3n (TEPJF), Reyes Rodr\u00edguez Mondrag\u00f3n.<\/p>\n\n\n\n<p>Plantear una elecci\u00f3n democr\u00e1tica por voto directo implicar\u00eda una l\u00f3gica de que los magistrados y las magistradas tendr\u00edamos que rendir cuentas y decidir lo que es m\u00e1s popular, y ser\u00edan los perfiles pol\u00edticos y la popularidad de cada uno de los postulados los que definir\u00edan la magistratura\u201d, dijo en entrevista con Joaqu\u00edn L\u00f3pez-D\u00f3riga para Radio F\u00f3rmula.<br>Rodr\u00edguez Mondrag\u00f3n expuso que para ser magistrado se requiere de una especializaci\u00f3n, conocimiento t\u00e9cnico y de una preparaci\u00f3n que pueda ser evaluada a la hora de su elecci\u00f3n, lo que no se garantiza a trav\u00e9s de las urnas.<\/p>\n\n\n\n<p>Sin embargo consider\u00f3 que el procedimiento de designaci\u00f3n para magistrados podr\u00eda mejorar, si bien actualmente participa en ella la Suprema Corte de Justicia de la Naci\u00f3n (SCJN), mientras que son los partidos en el Senado los que los eligen.<\/p>\n\n\n\n<p>Yo no estoy de acuerdo. Elegir a las juezas y jueces por voto popular los acerca m\u00e1s a la pol\u00edtica y los aleja de la justicia que se debe de impartir con independencia e imparcialidad\u201d, critic\u00f3.<\/p>\n\n\n\n<p>Cuestionado sobre la propuesta de desaparici\u00f3n de los tribunales electorales estatales el magistrado presidente advirti\u00f3 que implicar\u00eda un aumento de 70 por ciento en la carga de trabajo al TEPJF, lo que derivar\u00eda en resolver m\u00e1s de 22 mil juicios al a\u00f1o.<\/p>\n\n\n\n<p>La eliminaci\u00f3n de tribunales electorales, si bien significa una reducci\u00f3n en los presupuestos p\u00fablicos estatales muy baja, a nivel federal implicar\u00eda robustecer las salas regionales, las seis salas\u201d, mencion\u00f3.<\/p>\n\n\n\n<p>Agreg\u00f3 que a nivel local se alejar\u00eda el contexto, la normatividad y el alcance entre la ciudadan\u00eda y los jueces en las elecciones.<\/p>\n\n\n\n<p>Reyes Rodr\u00edguez tambi\u00e9n rechaz\u00f3 los se\u00f1alamientos de que el Tribunal Electoral solo favorece a los \u201ctramposos\u201d, pues defendi\u00f3 que se han resuelto muchos casos a favor de Morena.<\/p>\n\n\n\n<p>Nuestras sentencias no tienen colores, son transparentes, respondemos con razones y el poder de nuestras decisiones est\u00e1 en la argumentaci\u00f3n y no en la raz\u00f3n de poder\u201d, sentenci\u00f3.<\/p>\n","protected":false},"excerpt":{"rendered":"<p>martes, 29 de noviembre de 2022 Reyes Rodr\u00edguez Mondrag\u00f3n expuso que, para ser magistrado, se&#8230;<\/p>\n","protected":false},"author":3,"featured_media":53345,"comment_status":"closed","ping_status":"closed","sticky":false,"template":"","format":"standard","meta":{"footnotes":""},"categories":[4],"tags":[],"class_list":["post-53344","post","type-post","status-publish","format-standard","has-post-thumbnail","hentry","category-noticias-del-dia"],"_links":{"self":[{"href":"https:\/\/bambapolitica.com.mx\/index.php\/wp-json\/wp\/v2\/posts\/53344","targetHints":{"allow":["GET"]}}],"collection":[{"href":"https:\/\/bambapolitica.com.mx\/index.php\/wp-json\/wp\/v2\/posts"}],"about":[{"href":"https:\/\/bambapolitica.com.mx\/index.php\/wp-json\/wp\/v2\/types\/post"}],"author":[{"embeddable":true,"href":"https:\/\/bambapolitica.com.mx\/index.php\/wp-json\/wp\/v2\/users\/3"}],"replies":[{"embeddable":true,"href":"https:\/\/bambapolitica.com.mx\/index.php\/wp-json\/wp\/v2\/comments?post=53344"}],"version-history":[{"count":1,"href":"https:\/\/bambapolitica.com.mx\/index.php\/wp-json\/wp\/v2\/posts\/53344\/revisions"}],"predecessor-version":[{"id":53346,"href":"https:\/\/bambapolitica.com.mx\/index.php\/wp-json\/wp\/v2\/posts\/53344\/revisions\/53346"}],"wp:featuredmedia":[{"embeddable":true,"href":"https:\/\/bambapolitica.com.mx\/index.php\/wp-json\/wp\/v2\/media\/53345"}],"wp:attachment":[{"href":"https:\/\/bambapolitica.com.mx\/index.php\/wp-json\/wp\/v2\/media?parent=53344"}],"wp:term":[{"taxonomy":"category","embeddable":true,"href":"https:\/\/bambapolitica.com.mx\/index.php\/wp-json\/wp\/v2\/categories?post=53344"},{"taxonomy":"post_tag","embeddable":true,"href":"https:\/\/bambapolitica.com.mx\/index.php\/wp-json\/wp\/v2\/tags?post=53344"}],"curies":[{"name":"wp","href":"https:\/\/api.w.org\/{rel}","templated":true}]}}