{"id":53351,"date":"2022-11-29T07:59:08","date_gmt":"2022-11-29T13:59:08","guid":{"rendered":"http:\/\/bambapolitica.com.mx\/?p=53351"},"modified":"2022-11-29T07:59:11","modified_gmt":"2022-11-29T13:59:11","slug":"hay-incremento-de-casos-por-covid-19-en-mexico-aunque-no-acelerado-lopez-gatell","status":"publish","type":"post","link":"https:\/\/bambapolitica.com.mx\/index.php\/2022\/11\/29\/hay-incremento-de-casos-por-covid-19-en-mexico-aunque-no-acelerado-lopez-gatell\/","title":{"rendered":"Hay incremento de casos por COVID-19 en M\u00e9xico, aunque no acelerado: L\u00f3pez-Gatell"},"content":{"rendered":"\n<p>martes, 29 de noviembre de 2022<\/p>\n\n\n\n<p>Hugo L\u00f3pez-Gatell, subsecretario de Salud detall\u00f3 que ha un incremento de contagios por COVID-19 en M\u00e9xico en las \u00faltimas cinco semanas.<\/p>\n\n\n\n<p><br>Hugo L\u00f3pez-Gatell, subsecretario de Salud federal, confirm\u00f3 un incremento en los casos de COVID-19 en M\u00e9xico durante las \u00faltimas cinco semanas.<\/p>\n\n\n\n<p>En la conferencia matutina de Palacio Nacional, L\u00f3pez-Gatell Ram\u00edrez detall\u00f3 que este incremento de contagios se registra desde la semana epidemiol\u00f3gica 43, aunque no es acelerado.<\/p>\n\n\n\n<p>\u201cEn nuestro pa\u00eds, como alertamos desde el verano, despu\u00e9s de un periodo de descenso podr\u00eda ser que tuvi\u00e9ramos un cambio en la tendencia y empez\u00e1ramos a tener mayor n\u00famero de contagios y esta es la situaci\u00f3n que estamos presentando\u201d, dijo.<\/p>\n\n\n\n<p>Aproximadamente desde la semana 43 ya no sigui\u00f3 reduci\u00e9ndose el n\u00famero de caso y desde la semana 45, en este momento estamos en la semana 48, empez\u00f3 un incremento progresivo\u201d, indic\u00f3.<\/p>\n\n\n\n<p>\u201cAfortunadamente el incremento no es acelerado, es mucho m\u00e1s lento de lo que fue la reducci\u00f3n de casos y esto es importante tenerlo presente\u201d, agreg\u00f3 el zar del coronavirus en M\u00e9xico.<\/p>\n\n\n\n<p>En lo referente la ocupaci\u00f3n hospitalaria de camas generales para atenci\u00f3n de COVID-19 se ubica en 4 por ciento, mientras que para personas en situaci\u00f3n cr\u00edtica que requieren ventilador mec\u00e1nico es de apenas uno por ciento.<\/p>\n\n\n\n<p>En el \u00faltimo informe de COVID-19 en nuestro pa\u00eds, la Secretar\u00eda de Salud inform\u00f3 que el pa\u00eds suma 7 millones 125 mil 98 casos y 330 mil 495 muertes por el virus.<\/p>\n\n\n\n<p>\u00d3micron es la variante con m\u00e1s predominio en el pa\u00eds y hasta el momento no ha mostrado que ocasione incremento de enfermedad grave.<\/p>\n","protected":false},"excerpt":{"rendered":"<p>martes, 29 de noviembre de 2022 Hugo L\u00f3pez-Gatell, subsecretario de Salud detall\u00f3 que ha un&#8230;<\/p>\n","protected":false},"author":3,"featured_media":53352,"comment_status":"closed","ping_status":"closed","sticky":false,"template":"","format":"standard","meta":{"footnotes":""},"categories":[4],"tags":[],"class_list":["post-53351","post","type-post","status-publish","format-standard","has-post-thumbnail","hentry","category-noticias-del-dia"],"_links":{"self":[{"href":"https:\/\/bambapolitica.com.mx\/index.php\/wp-json\/wp\/v2\/posts\/53351","targetHints":{"allow":["GET"]}}],"collection":[{"href":"https:\/\/bambapolitica.com.mx\/index.php\/wp-json\/wp\/v2\/posts"}],"about":[{"href":"https:\/\/bambapolitica.com.mx\/index.php\/wp-json\/wp\/v2\/types\/post"}],"author":[{"embeddable":true,"href":"https:\/\/bambapolitica.com.mx\/index.php\/wp-json\/wp\/v2\/users\/3"}],"replies":[{"embeddable":true,"href":"https:\/\/bambapolitica.com.mx\/index.php\/wp-json\/wp\/v2\/comments?post=53351"}],"version-history":[{"count":1,"href":"https:\/\/bambapolitica.com.mx\/index.php\/wp-json\/wp\/v2\/posts\/53351\/revisions"}],"predecessor-version":[{"id":53353,"href":"https:\/\/bambapolitica.com.mx\/index.php\/wp-json\/wp\/v2\/posts\/53351\/revisions\/53353"}],"wp:featuredmedia":[{"embeddable":true,"href":"https:\/\/bambapolitica.com.mx\/index.php\/wp-json\/wp\/v2\/media\/53352"}],"wp:attachment":[{"href":"https:\/\/bambapolitica.com.mx\/index.php\/wp-json\/wp\/v2\/media?parent=53351"}],"wp:term":[{"taxonomy":"category","embeddable":true,"href":"https:\/\/bambapolitica.com.mx\/index.php\/wp-json\/wp\/v2\/categories?post=53351"},{"taxonomy":"post_tag","embeddable":true,"href":"https:\/\/bambapolitica.com.mx\/index.php\/wp-json\/wp\/v2\/tags?post=53351"}],"curies":[{"name":"wp","href":"https:\/\/api.w.org\/{rel}","templated":true}]}}