{"id":53376,"date":"2022-11-29T09:01:15","date_gmt":"2022-11-29T15:01:15","guid":{"rendered":"http:\/\/bambapolitica.com.mx\/?p=53376"},"modified":"2022-11-29T09:01:18","modified_gmt":"2022-11-29T15:01:18","slug":"reino-unido-convoca-al-embajador-chino-por-arresto-de-periodista-de-la-bbc","status":"publish","type":"post","link":"https:\/\/bambapolitica.com.mx\/index.php\/2022\/11\/29\/reino-unido-convoca-al-embajador-chino-por-arresto-de-periodista-de-la-bbc\/","title":{"rendered":"Reino Unido convoca al embajador chino por arresto de periodista de la BBC"},"content":{"rendered":"\n<p>martes, 29 de noviembre de 2022<\/p>\n\n\n\n<p>Reino Unido pedir\u00e1 al embajador de China explicaciones sobre \u201cla naturaleza inaceptable e injustificada\u201d de la detenci\u00f3n de un periodista de la BBC<br>El ministerio brit\u00e1nico de Asuntos Exteriores convoc\u00f3 al embajador chino en Londres, Zheng Zeguang, para expresar la protesta del Gobierno por el arresto y la agresi\u00f3n de un periodista de la cadena BBC mientras cubr\u00eda las protestas en Shangh\u00e1i, informaron fuentes oficiales de Reino Unido.<\/p>\n\n\n\n<p>El c\u00e1mara Edward Lawrence, seg\u00fan la emisora, fue arrestado, esposado, golpeado y pateado por las fuerzas de seguridad de Shangh\u00e1i durante una protesta por las restricciones impuestas por China para frenar la propagaci\u00f3n del COVID-19.<br>En la C\u00e1mara de los Comunes (Baja), el secretario de Estado de Exteriores, David Rutley, dijo que la detenci\u00f3n del periodista es \u201cprofundamente inquietante y una situaci\u00f3n totalmente inaceptable. Los periodistas deben poder hacer su trabajo sin temor a ser arrestados o intimidados\u201d.<\/p>\n\n\n\n<p>\u201cLlamamos al embajador chino a que aclare la naturaleza inaceptable e injustificada de estas acciones, la importancia de la libertad de expresi\u00f3n y exija una explicaci\u00f3n completa y exhaustiva\u201d, agreg\u00f3 el secretario de Estado.<\/p>\n\n\n\n<p>\u201cReconocemos que las restricciones relacionadas con el COVID en China son un desaf\u00edo para el pueblo chino, e instamos a las autoridades chinas a respetar los derechos de quienes deciden expresar sus puntos de vista sobre la situaci\u00f3n\u201d, subray\u00f3.<\/p>\n\n\n\n<p>La Foreign Office convoc\u00f3 al embajador chino un d\u00eda despu\u00e9s de que el primer ministro brit\u00e1nico, el conservador Rishi Sunak, afirmara en un discurso durante la cena anual en la sede de la City de Londres (centro financiero) que la \u201cera dorada\u201d de las relaciones anglo-chinas ha terminado.<\/p>\n\n\n\n<p>En su discurso ante empresarios y expertos en pol\u00edtica exterior, Sunak se\u00f1al\u00f3 que los estrechos lazos econ\u00f3micos con China de la d\u00e9cada anterior hab\u00edan sido \u201cingenuos\u201d, si bien admiti\u00f3 que la importancia que tiene ese pa\u00eds a nivel global no puede ser ignorada.<\/p>\n\n\n\n<p>Sunak critic\u00f3 a las autoridades chinas porque \u201coptaron por tomar medidas en\u00e9rgicas, incluso agrediendo a un periodista de la BBC\u201d.<\/p>\n\n\n\n<p>\u201cReconocemos que China plantea un desaf\u00edo a nuestros valores e intereses, un desaf\u00edo que se agudiza a medida que avanza hacia un autoritarismo a\u00fan mayor\u201d, dijo el jefe del Gobierno.<\/p>\n\n\n\n<p>La \u201cera dorada\u201d est\u00e1 asociada a los lazos econ\u00f3micos con China que marcaron el Gobierno del conservador David Cameron (2010-2016), pero esos v\u00ednculos se han deteriorado en a\u00f1os recientes.<\/p>\n\n\n\n<p>Sunak puntualiz\u00f3, no obstante, que Reino Unido sabe de la importancia de China para la estabilidad econ\u00f3mica mundial y las cuestiones relacionadas con la emergencia clim\u00e1tica.<\/p>\n\n\n\n<p>As\u00ed, el primer ministro subray\u00f3 que su pa\u00eds trabajar\u00e1 con aliados -entre ellos EE. UU., Canad\u00e1, Australia y Jap\u00f3n- para \u201cgestionar esta competencia\u201d, incluso con \u201cdiplomacia y compromiso\u201d.<\/p>\n\n\n\n<p>Tras la detenci\u00f3n del periodista, la BBC expres\u00f3 su preocupaci\u00f3n por el trato recibido por Lawrence en Shangh\u00e1i y precis\u00f3 que estuvo retenido varias horas antes de ser liberado.<\/p>\n\n\n\n<p>\u201cDurante su detenci\u00f3n fue golpeado y pateado por la polic\u00eda. Esto sucedi\u00f3 mientras trabajaba como periodista acreditado. Es muy preocupante que uno de nuestros periodistas haya sido atacado de esta manera en el ejercicio de sus funciones\u201d, a\u00f1adi\u00f3 la BBC.<\/p>\n","protected":false},"excerpt":{"rendered":"<p>martes, 29 de noviembre de 2022 Reino Unido pedir\u00e1 al embajador de China explicaciones sobre&#8230;<\/p>\n","protected":false},"author":3,"featured_media":53377,"comment_status":"closed","ping_status":"closed","sticky":false,"template":"","format":"standard","meta":{"footnotes":""},"categories":[5],"tags":[],"class_list":["post-53376","post","type-post","status-publish","format-standard","has-post-thumbnail","hentry","category-internacional"],"_links":{"self":[{"href":"https:\/\/bambapolitica.com.mx\/index.php\/wp-json\/wp\/v2\/posts\/53376","targetHints":{"allow":["GET"]}}],"collection":[{"href":"https:\/\/bambapolitica.com.mx\/index.php\/wp-json\/wp\/v2\/posts"}],"about":[{"href":"https:\/\/bambapolitica.com.mx\/index.php\/wp-json\/wp\/v2\/types\/post"}],"author":[{"embeddable":true,"href":"https:\/\/bambapolitica.com.mx\/index.php\/wp-json\/wp\/v2\/users\/3"}],"replies":[{"embeddable":true,"href":"https:\/\/bambapolitica.com.mx\/index.php\/wp-json\/wp\/v2\/comments?post=53376"}],"version-history":[{"count":1,"href":"https:\/\/bambapolitica.com.mx\/index.php\/wp-json\/wp\/v2\/posts\/53376\/revisions"}],"predecessor-version":[{"id":53378,"href":"https:\/\/bambapolitica.com.mx\/index.php\/wp-json\/wp\/v2\/posts\/53376\/revisions\/53378"}],"wp:featuredmedia":[{"embeddable":true,"href":"https:\/\/bambapolitica.com.mx\/index.php\/wp-json\/wp\/v2\/media\/53377"}],"wp:attachment":[{"href":"https:\/\/bambapolitica.com.mx\/index.php\/wp-json\/wp\/v2\/media?parent=53376"}],"wp:term":[{"taxonomy":"category","embeddable":true,"href":"https:\/\/bambapolitica.com.mx\/index.php\/wp-json\/wp\/v2\/categories?post=53376"},{"taxonomy":"post_tag","embeddable":true,"href":"https:\/\/bambapolitica.com.mx\/index.php\/wp-json\/wp\/v2\/tags?post=53376"}],"curies":[{"name":"wp","href":"https:\/\/api.w.org\/{rel}","templated":true}]}}