{"id":53385,"date":"2022-11-29T09:13:59","date_gmt":"2022-11-29T15:13:59","guid":{"rendered":"http:\/\/bambapolitica.com.mx\/?p=53385"},"modified":"2022-11-29T09:14:01","modified_gmt":"2022-11-29T15:14:01","slug":"fecha-para-la-cumbre-de-la-alianza-del-pacifico-se-conocera-esta-semana","status":"publish","type":"post","link":"https:\/\/bambapolitica.com.mx\/index.php\/2022\/11\/29\/fecha-para-la-cumbre-de-la-alianza-del-pacifico-se-conocera-esta-semana\/","title":{"rendered":"Fecha para la cumbre de la Alianza del Pac\u00edfico se conocer\u00e1 esta semana"},"content":{"rendered":"\n<p>martes, 29 de noviembre de 2022<\/p>\n\n\n\n<p>A inicios de la semana pasada, el presidente L\u00f3pez Obrador anunci\u00f3 el aplazamiento de la cumbre presidencial de la Alianza del Pac\u00edfico<br>El canciller mexicano Marcelo Ebrard inform\u00f3 este lunes que la fecha para la celebraci\u00f3n de la cumbre presidencial de la Alianza del Pac\u00edfico que tendr\u00e1 lugar en la ciudad de Lima, capital de Per\u00fa, se conocer\u00e1 el martes o mi\u00e9rcoles tras el encuentro entre los presidentes de Chile, Gabriel Boric, y de Per\u00fa, Pedro Castillo.<\/p>\n\n\n\n<p>La cumbre se llevar\u00e1 a cabo en Lima tras haberse suspendido la semana pasada en M\u00e9xico, despu\u00e9s de que el Congreso de Per\u00fa negara autorizaci\u00f3n al presidente Castillo para asistir al encuentro en Ciudad de M\u00e9xico.<\/p>\n\n\n\n<p>\u201cEs un tema de agenda, ma\u00f1ana sabremos, o el mi\u00e9rcoles, qu\u00e9 d\u00eda se llevar\u00e1 a cabo la cumbre en Lima\u201d, dijo Ebrard a medios tras una reuni\u00f3n en el Palacio Nacional entre representantes de M\u00e9xico y EE.UU. este lunes.<br>El canciller cont\u00f3 que cuando el presidente de Chile Gabriel Boric estuvo en M\u00e9xico \u201cle coment\u00f3 al presidente (L\u00f3pez Obrador) que iba a ver al presidente Pedro Castillo, y que lo iba a ver ma\u00f1ana porque s\u00ed le dieron permiso de ir a Santiago de Chile\u201d.<\/p>\n\n\n\n<p>\u201cEntonces ma\u00f1ana se van a entrevistar y lo que le pidi\u00f3 a Boric el presidente (L\u00f3pez Obrado) fue \u201cpreg\u00fantale tambi\u00e9n si invitamos al presidente (Gustavo) Petro\u201d, expuso Ebrard.<\/p>\n\n\n\n<p>A inicios de la semana pasada, el presidente L\u00f3pez Obrador anunci\u00f3 el aplazamiento de la cumbre presidencial de la Alianza del Pac\u00edfico, mecanismo formado por Chile, Colombia, M\u00e9xico y Per\u00fa y al que aspiraban integrarse en esa cita Ecuador y Costa Rica.<\/p>\n\n\n\n<p>El mandatario mexicano record\u00f3 en aquella oportunidad que Per\u00fa le correspond\u00eda la presidencia (del organismo), aqu\u00ed la iba a recibir (Castillo), y estaban explorando la posibilidad de hacer un acto en Per\u00fa.<\/p>\n\n\n\n<p>Posteriormente, el jueves, Ebrard confirm\u00f3, tras la reuni\u00f3n del Consejo de Ministros de la Alianza del Pac\u00edfico celebrada en Ciudad de M\u00e9xico que la cumbre se llevar\u00eda a cabo en Lima y quedaban a la espera de la fecha.<\/p>\n","protected":false},"excerpt":{"rendered":"<p>martes, 29 de noviembre de 2022 A inicios de la semana pasada, el presidente L\u00f3pez&#8230;<\/p>\n","protected":false},"author":3,"featured_media":53386,"comment_status":"closed","ping_status":"closed","sticky":false,"template":"","format":"standard","meta":{"footnotes":""},"categories":[5],"tags":[],"class_list":["post-53385","post","type-post","status-publish","format-standard","has-post-thumbnail","hentry","category-internacional"],"_links":{"self":[{"href":"https:\/\/bambapolitica.com.mx\/index.php\/wp-json\/wp\/v2\/posts\/53385","targetHints":{"allow":["GET"]}}],"collection":[{"href":"https:\/\/bambapolitica.com.mx\/index.php\/wp-json\/wp\/v2\/posts"}],"about":[{"href":"https:\/\/bambapolitica.com.mx\/index.php\/wp-json\/wp\/v2\/types\/post"}],"author":[{"embeddable":true,"href":"https:\/\/bambapolitica.com.mx\/index.php\/wp-json\/wp\/v2\/users\/3"}],"replies":[{"embeddable":true,"href":"https:\/\/bambapolitica.com.mx\/index.php\/wp-json\/wp\/v2\/comments?post=53385"}],"version-history":[{"count":1,"href":"https:\/\/bambapolitica.com.mx\/index.php\/wp-json\/wp\/v2\/posts\/53385\/revisions"}],"predecessor-version":[{"id":53387,"href":"https:\/\/bambapolitica.com.mx\/index.php\/wp-json\/wp\/v2\/posts\/53385\/revisions\/53387"}],"wp:featuredmedia":[{"embeddable":true,"href":"https:\/\/bambapolitica.com.mx\/index.php\/wp-json\/wp\/v2\/media\/53386"}],"wp:attachment":[{"href":"https:\/\/bambapolitica.com.mx\/index.php\/wp-json\/wp\/v2\/media?parent=53385"}],"wp:term":[{"taxonomy":"category","embeddable":true,"href":"https:\/\/bambapolitica.com.mx\/index.php\/wp-json\/wp\/v2\/categories?post=53385"},{"taxonomy":"post_tag","embeddable":true,"href":"https:\/\/bambapolitica.com.mx\/index.php\/wp-json\/wp\/v2\/tags?post=53385"}],"curies":[{"name":"wp","href":"https:\/\/api.w.org\/{rel}","templated":true}]}}