{"id":53403,"date":"2022-11-29T10:10:10","date_gmt":"2022-11-29T16:10:10","guid":{"rendered":"http:\/\/bambapolitica.com.mx\/?p=53403"},"modified":"2022-11-29T10:10:12","modified_gmt":"2022-11-29T16:10:12","slug":"julio-cesar-chavez-recibe-el-premio-nacional-del-deporte","status":"publish","type":"post","link":"https:\/\/bambapolitica.com.mx\/index.php\/2022\/11\/29\/julio-cesar-chavez-recibe-el-premio-nacional-del-deporte\/","title":{"rendered":"Julio C\u00e9sar Ch\u00e1vez recibe el Premio Nacional del Deporte"},"content":{"rendered":"\n<p>martes, 29 de noviembre de 2022<\/p>\n\n\n\n<p>Con 107 peleas ganadas, 87 por nocaut, seis derrotas y dos empates, Ch\u00e1vez recibi\u00f3 la distinci\u00f3n por su largo camino de \u00e9xito en el boxeo<br>El boxeador Julio C\u00e9sar Ch\u00e1vez, quien gan\u00f3 t\u00edtulos mundiales en tres divisiones diferentes, recibi\u00f3 el Premio Nacional del Deporte por su trayectoria deportiva, en una ceremonia presidida por el presidente de M\u00e9xico, Andr\u00e9s Manuel L\u00f3pez Obrador.<\/p>\n\n\n\n<p>\u201cEste es un premio a la perseverancia y al esfuerzo, al sacrificio, a la disciplina, al apoyo de sus familias, de sus amigos, de los entrenadores\u201d, dijo el mandatario en Palacio Nacional.<br>Considerado el p\u00fagil m\u00e1s grande de M\u00e9xico en la historia y una de las leyendas del deporte latinoamericano en el siglo 20, Ch\u00e1vez fue el centro de atenci\u00f3n de la ceremonia, que cont\u00f3 con la presencia de la campeona mundial de atletismo en el 2003, Ana Guevara, directora de la Comisi\u00f3n Nacional de Cultura F\u00edsica y Deporte.<\/p>\n\n\n\n<p>Con 107 peleas ganadas, 87 por nocaut, seis derrotas y dos empates, Ch\u00e1vez recibi\u00f3 la distinci\u00f3n por su largo camino de \u00e9xito en el boxeo, que incluy\u00f3 un r\u00e9cord de 87 victorias consecutivas.<br>Adem\u00e1s de Ch\u00e1vez, recibi\u00f3 el Premio el piloto Sergio \u2018Checo\u2019 P\u00e9rez, tercero de la clasificaci\u00f3n de la temporada 2022 de F\u00f3rmula 1, en la que junto al neerland\u00e9s Max Verstapen gan\u00f3 el t\u00edtulo mundial en el campeonato de escuder\u00edas, con Red Bull.<br>P\u00e9rez y la \u00e1rbitra de futbol Karina D\u00edaz, tambi\u00e9n ganadora del premio, estuvieron ausentes y sus hermanos recibieron la distinci\u00f3n.<\/p>\n\n\n\n<p>Tambi\u00e9n fueron distinguidos en la ceremonia las integrantes del equipo de kayak medallista de bronce en los Mundiales de Canotaje, Isabel Aburto, Karina Alan\u00eds, Beatriz Briones y Maricela Montemayor. ganadoras en la categor\u00eda de deporte no profesional, y el nadador Jes\u00fas Hern\u00e1ndez, campe\u00f3n Tokio 2020, premiado en el deporte Paral\u00edmpico.<\/p>\n\n\n\n<p>Para ellos el premio signific\u00f3 796 mil pesos, unos 40 mil d\u00f3lares, adem\u00e1s de una medalla y diploma, que tambi\u00e9n recibieron los profesionales.<\/p>\n\n\n\n<p>L\u00f3pez Obrador reiter\u00f3 el apoyo al deporte y prometi\u00f3 est\u00edmulos econ\u00f3micos para los integrantes de las selecciones mexicanas de los Juegos Panamericanos de Chile y los Centroamericanos y del Caribe de El Salvador, en el 2023.<\/p>\n","protected":false},"excerpt":{"rendered":"<p>martes, 29 de noviembre de 2022 Con 107 peleas ganadas, 87 por nocaut, seis derrotas&#8230;<\/p>\n","protected":false},"author":3,"featured_media":53404,"comment_status":"closed","ping_status":"closed","sticky":false,"template":"","format":"standard","meta":{"footnotes":""},"categories":[16],"tags":[],"class_list":["post-53403","post","type-post","status-publish","format-standard","has-post-thumbnail","hentry","category-deportes"],"_links":{"self":[{"href":"https:\/\/bambapolitica.com.mx\/index.php\/wp-json\/wp\/v2\/posts\/53403","targetHints":{"allow":["GET"]}}],"collection":[{"href":"https:\/\/bambapolitica.com.mx\/index.php\/wp-json\/wp\/v2\/posts"}],"about":[{"href":"https:\/\/bambapolitica.com.mx\/index.php\/wp-json\/wp\/v2\/types\/post"}],"author":[{"embeddable":true,"href":"https:\/\/bambapolitica.com.mx\/index.php\/wp-json\/wp\/v2\/users\/3"}],"replies":[{"embeddable":true,"href":"https:\/\/bambapolitica.com.mx\/index.php\/wp-json\/wp\/v2\/comments?post=53403"}],"version-history":[{"count":1,"href":"https:\/\/bambapolitica.com.mx\/index.php\/wp-json\/wp\/v2\/posts\/53403\/revisions"}],"predecessor-version":[{"id":53405,"href":"https:\/\/bambapolitica.com.mx\/index.php\/wp-json\/wp\/v2\/posts\/53403\/revisions\/53405"}],"wp:featuredmedia":[{"embeddable":true,"href":"https:\/\/bambapolitica.com.mx\/index.php\/wp-json\/wp\/v2\/media\/53404"}],"wp:attachment":[{"href":"https:\/\/bambapolitica.com.mx\/index.php\/wp-json\/wp\/v2\/media?parent=53403"}],"wp:term":[{"taxonomy":"category","embeddable":true,"href":"https:\/\/bambapolitica.com.mx\/index.php\/wp-json\/wp\/v2\/categories?post=53403"},{"taxonomy":"post_tag","embeddable":true,"href":"https:\/\/bambapolitica.com.mx\/index.php\/wp-json\/wp\/v2\/tags?post=53403"}],"curies":[{"name":"wp","href":"https:\/\/api.w.org\/{rel}","templated":true}]}}