{"id":53418,"date":"2022-11-30T08:29:43","date_gmt":"2022-11-30T14:29:43","guid":{"rendered":"http:\/\/bambapolitica.com.mx\/?p=53418"},"modified":"2022-11-30T08:29:44","modified_gmt":"2022-11-30T14:29:44","slug":"explosion-por-fuga-de-gas-etano-deja-al-menos-19-heridos-en-veracruz","status":"publish","type":"post","link":"https:\/\/bambapolitica.com.mx\/index.php\/2022\/11\/30\/explosion-por-fuga-de-gas-etano-deja-al-menos-19-heridos-en-veracruz\/","title":{"rendered":"Explosi\u00f3n por fuga de gas etano deja al menos 19 heridos en Veracruz"},"content":{"rendered":"\n<p>mi\u00e9rcoles, 30 de noviembre de 2022<\/p>\n\n\n\n<p>Personal de Pemex y de protecci\u00f3n Civil result\u00f3 con heridas tras la explosi\u00f3n ocurrida en Agua Dulce.<br>Al menos 19 personas heridas, entre ellas, personal de Petr\u00f3leos Mexicanos (Pemex) y elementos de Protecci\u00f3n Civil del estado de Veracruz resultaron con quemaduras luego de que se registrara una explosi\u00f3n por una fuga de gas etano en el municipio de Agua Dulce al sur del estado de Veracruz.<\/p>\n\n\n\n<p>De acuerdo con informaci\u00f3n emitida por la Secretar\u00eda Estatal de Protecci\u00f3n Civil el siniestro se registr\u00f3 despu\u00e9s de las 15:00 horas de este martes 29 de noviembre, durante las maniobras de quema controlada en el punto.<br>El saldo fue de una persona con quemaduras de segundo grado y y el resto con quemaduras de primer grado, que han sido trasladadas para su valoraci\u00f3n y atenci\u00f3n m\u00e9dica a hospitales de Agua Dulce y Nanchital.<\/p>\n\n\n\n<p>El lunes 28 de noviembre se report\u00f3 la fuga en el ducto de 20 pulgadas a la altura del kil\u00f3metro 28+900 por lo que autoridades determinaron evacuar al menos a 100 personas del ejido El Aguacate, mismos que fueron trasladados al refugio habilitado en la escuela Guadalupe Victoria de este municipio.<\/p>\n\n\n\n<p>Al medio d\u00eda de este martes personal de Pemex se reuni\u00f3 con autoridades municipales y de Protecci\u00f3n Civil del Estado, se\u00f1alando que las l\u00edneas ya hab\u00edan sido cerradas, sin embargo, se llevar\u00eda a cabo una quema controlada para eliminar el gas que qued\u00f3 en la l\u00ednea del ducto.<\/p>\n\n\n\n<p>La quema se estimaba que se realizar\u00eda en cinco horas, pero al filo de las 15:00 horas se alert\u00f3 a los cuerpos de auxilio sobre el siniestro que alcanz\u00f3 a las unidades oficiales.<\/p>\n\n\n\n<p>Entre los lesionados se encuentra una mujer, al igual que el enlace regional de Protecci\u00f3n Civil, \u00d3scar Serracino, as\u00ed como el hijo del comandante de bomberos de Agua Dulce, Tranquilino Arredondo.<\/p>\n\n\n\n<p>Familiares de heridos en Agua Dulce, Veracruz, esperan en hospital de Pemex<br>Mientras tanto, afuera del Hospital General de Pemex en Agua Dulce, permanecen familiares de las v\u00edctimas de la explosi\u00f3n, sin embargo, han denunciado que la informaci\u00f3n sobre el estado de salud de sus seres cercanos a\u00fan es escasa.<\/p>\n\n\n\n<p>&#8220;Yo vengo desde Tabasco y mi esposo Ulises Silva est\u00e1 entre los lesionados pero no nos dicen nada, ya pasaron tres horas y nada&#8221;, expres\u00f3 Yesenia Monz\u00f3n, esposa de una de las v\u00edctimas.<br>En la zona del siniestro permanecen elementos de emergencia, as\u00ed como de la Secretar\u00eda de la Defensa Nacional (Sedena) y de la Marina Armada de M\u00e9xico.<\/p>\n\n\n\n<p>Tras acudir al hospital, la secretaria de Protecci\u00f3n Civil, Guadalupe Osorno Maldonado, asegur\u00f3 que la situaci\u00f3n estaba controlada, aunque se segu\u00eda quemando parte del gas que se liber\u00f3 del ducto.<\/p>\n","protected":false},"excerpt":{"rendered":"<p>mi\u00e9rcoles, 30 de noviembre de 2022 Personal de Pemex y de protecci\u00f3n Civil result\u00f3 con&#8230;<\/p>\n","protected":false},"author":3,"featured_media":53419,"comment_status":"closed","ping_status":"closed","sticky":false,"template":"","format":"standard","meta":{"footnotes":""},"categories":[4],"tags":[],"class_list":["post-53418","post","type-post","status-publish","format-standard","has-post-thumbnail","hentry","category-noticias-del-dia"],"_links":{"self":[{"href":"https:\/\/bambapolitica.com.mx\/index.php\/wp-json\/wp\/v2\/posts\/53418","targetHints":{"allow":["GET"]}}],"collection":[{"href":"https:\/\/bambapolitica.com.mx\/index.php\/wp-json\/wp\/v2\/posts"}],"about":[{"href":"https:\/\/bambapolitica.com.mx\/index.php\/wp-json\/wp\/v2\/types\/post"}],"author":[{"embeddable":true,"href":"https:\/\/bambapolitica.com.mx\/index.php\/wp-json\/wp\/v2\/users\/3"}],"replies":[{"embeddable":true,"href":"https:\/\/bambapolitica.com.mx\/index.php\/wp-json\/wp\/v2\/comments?post=53418"}],"version-history":[{"count":1,"href":"https:\/\/bambapolitica.com.mx\/index.php\/wp-json\/wp\/v2\/posts\/53418\/revisions"}],"predecessor-version":[{"id":53420,"href":"https:\/\/bambapolitica.com.mx\/index.php\/wp-json\/wp\/v2\/posts\/53418\/revisions\/53420"}],"wp:featuredmedia":[{"embeddable":true,"href":"https:\/\/bambapolitica.com.mx\/index.php\/wp-json\/wp\/v2\/media\/53419"}],"wp:attachment":[{"href":"https:\/\/bambapolitica.com.mx\/index.php\/wp-json\/wp\/v2\/media?parent=53418"}],"wp:term":[{"taxonomy":"category","embeddable":true,"href":"https:\/\/bambapolitica.com.mx\/index.php\/wp-json\/wp\/v2\/categories?post=53418"},{"taxonomy":"post_tag","embeddable":true,"href":"https:\/\/bambapolitica.com.mx\/index.php\/wp-json\/wp\/v2\/tags?post=53418"}],"curies":[{"name":"wp","href":"https:\/\/api.w.org\/{rel}","templated":true}]}}