{"id":53439,"date":"2022-11-30T09:18:23","date_gmt":"2022-11-30T15:18:23","guid":{"rendered":"http:\/\/bambapolitica.com.mx\/?p=53439"},"modified":"2022-11-30T09:18:25","modified_gmt":"2022-11-30T15:18:25","slug":"crimen-organizado-ataca-albergues-y-campos-de-migrantes-en-el-norte-de-mexico","status":"publish","type":"post","link":"https:\/\/bambapolitica.com.mx\/index.php\/2022\/11\/30\/crimen-organizado-ataca-albergues-y-campos-de-migrantes-en-el-norte-de-mexico\/","title":{"rendered":"Crimen organizado ataca albergues y campos de migrantes en el norte de M\u00e9xico"},"content":{"rendered":"\n<p>mi\u00e9rcoles, 30 de noviembre de 2022<\/p>\n\n\n\n<p>El albergue Embajada Migrante, ubicado en playas de Tijuana tuvo que cerrar por las amenazas de grupos de la delincuencia organizada<br>El crimen organizado ataca desde hace algunos meses albergues de migrantes en la frontera entre M\u00e9xico y Estados Unidos a trav\u00e9s de amenazas, extorsiones y agresiones, lo que ha puesto en alerta a migrantes y organizaciones de la sociedad civil.<\/p>\n\n\n\n<p>Se dio a conocer que el albergue llamado Embajada Migrante, ubicado en la zona tur\u00edstica de playas de Tijuana, justo a unos 50 metros del muro fronterizo que desemboca hacia el mar, tuvo que cerrar por estas amenazas.<br>Hugo Castro, fundador de la Coalici\u00f3n S.O.S. Migrante, a la cual pertenece el albergue, inform\u00f3 a medios que, desde hace al menos cuatro meses, integrantes de grupos criminales estuvieron asediando a los migrantes y a los coordinadores de dicho espacio.<\/p>\n\n\n\n<p>\u201cEl albergue ha sido preso de amenazas, de intentos de extorsi\u00f3n, incluso llegaron a ingresar en la noche criminales que se presentan como los que controlan la zona, y les exig\u00edan a los migrantes 200 d\u00f3lares a cada uno como cuota por dejarlos tratar de cruzar la frontera\u201d, dijo.<\/p>\n\n\n\n<p>El activista refiri\u00f3 que los criminales \u201cquiz\u00e1s asumen que todos los migrantes van a cruzar en alg\u00fan momento el muro por esa zona\u201d, la cual de acuerdo al activista \u201ccontrolan los polleros (traficantes de personas), en contubernio con el crimen organizado\u201d y ello generaba un riesgo para todos.<\/p>\n\n\n\n<p>Lo preocupante, para el activista, es que esta situaci\u00f3n no solo suceda con esta comunidad vulnerable, sino que se da justamente en una zona tur\u00edstica a la que suelen llegar y reunirse decenas de turistas diariamente.<\/p>\n\n\n\n<p>\u201cPor eso hacemos el llamado a las autoridades para que atiendan los pedidos de auxilio de las casas y albergues de migrantes, porque ser\u00e1 demasiado grave que de a poco nos est\u00e9n quitando estos espacios que deben considerarse como santuarios para las familias que emigran\u201d, dijo.<\/p>\n\n\n\n<p>Como antecedente, durante lo que va del a\u00f1o, albergues como \u00c1gape Misi\u00f3n Mundial, ubicado en una zona considerada de riesgo, as\u00ed como Espacio Migrante, ubicado a un kil\u00f3metro del puerto fronterizo de San Ysidro, ya hab\u00edan reportado previamente alg\u00fan tipo de extorsi\u00f3n e intentos de agresi\u00f3n por parte de personas integrantes del crimen organizado.<\/p>\n\n\n\n<p>Asimismo, se registr\u00f3 un intento de secuestro en un albergue de migrantes ubicado en el bordo del R\u00edo Bravo, en el estado de Chihuahua.<\/p>\n\n\n\n<p>Recientemente, cientos de indocumentados, en su mayor\u00eda de origen venezolano, estaban en un campamento con casas de campa\u00f1a al bordo del R\u00edo Bravo, punto conocido como \u201cla peque\u00f1a Venezuela\u201d, y semanas despu\u00e9s de que se instalaron en ese punto, fueron desalojados por autoridades mexicanas y ahora est\u00e1n dispersos en la mexicana Ciudad Ju\u00e1rez, poni\u00e9ndose en riesgo.<\/p>\n\n\n\n<p>Rosal\u00edo Sosa, integrante de la red de albergues para migrante Tierra de Oro, dijo que \u201cQuer\u00edan cometer un secuestro, a algunos les robaron sus pertenencias y gracias a Dios no pas\u00f3 a mayores. Por este medio queremos exigir a las autoridades que pongan mayor vigilancia, no se vale que hacemos una labor humanitaria y todav\u00eda roban a los migrantes\u201d.<\/p>\n\n\n\n<p>Agreg\u00f3 que la acci\u00f3n de la noche proviene del crimen organizado.<\/p>\n\n\n\n<p>El hecho violento se present\u00f3 en las primeras horas de este martes. \u201cEran tres veh\u00edculos de reciente modelo, en cada uno ven\u00edan tres hombres que dijeron que nos pondr\u00edan en carros diferentes, en uno a mujeres, en otro a ni\u00f1os y en otro a hombres\u201d, dijo un migrante que por cuestiones de seguridad pidi\u00f3 permanecer en el anonimato.<\/p>\n\n\n\n<p>A\u00f1adi\u00f3 que llenaron su cara con aceite, los empezaron a separar en fila. Sin embargo, los delincuentes se marcharon porque aparentemente se dieron cuenta de que llegar\u00edan las autoridades.<\/p>\n","protected":false},"excerpt":{"rendered":"<p>mi\u00e9rcoles, 30 de noviembre de 2022 El albergue Embajada Migrante, ubicado en playas de Tijuana&#8230;<\/p>\n","protected":false},"author":3,"featured_media":53440,"comment_status":"closed","ping_status":"closed","sticky":false,"template":"","format":"standard","meta":{"footnotes":""},"categories":[2],"tags":[],"class_list":["post-53439","post","type-post","status-publish","format-standard","has-post-thumbnail","hentry","category-policiaca"],"_links":{"self":[{"href":"https:\/\/bambapolitica.com.mx\/index.php\/wp-json\/wp\/v2\/posts\/53439","targetHints":{"allow":["GET"]}}],"collection":[{"href":"https:\/\/bambapolitica.com.mx\/index.php\/wp-json\/wp\/v2\/posts"}],"about":[{"href":"https:\/\/bambapolitica.com.mx\/index.php\/wp-json\/wp\/v2\/types\/post"}],"author":[{"embeddable":true,"href":"https:\/\/bambapolitica.com.mx\/index.php\/wp-json\/wp\/v2\/users\/3"}],"replies":[{"embeddable":true,"href":"https:\/\/bambapolitica.com.mx\/index.php\/wp-json\/wp\/v2\/comments?post=53439"}],"version-history":[{"count":1,"href":"https:\/\/bambapolitica.com.mx\/index.php\/wp-json\/wp\/v2\/posts\/53439\/revisions"}],"predecessor-version":[{"id":53441,"href":"https:\/\/bambapolitica.com.mx\/index.php\/wp-json\/wp\/v2\/posts\/53439\/revisions\/53441"}],"wp:featuredmedia":[{"embeddable":true,"href":"https:\/\/bambapolitica.com.mx\/index.php\/wp-json\/wp\/v2\/media\/53440"}],"wp:attachment":[{"href":"https:\/\/bambapolitica.com.mx\/index.php\/wp-json\/wp\/v2\/media?parent=53439"}],"wp:term":[{"taxonomy":"category","embeddable":true,"href":"https:\/\/bambapolitica.com.mx\/index.php\/wp-json\/wp\/v2\/categories?post=53439"},{"taxonomy":"post_tag","embeddable":true,"href":"https:\/\/bambapolitica.com.mx\/index.php\/wp-json\/wp\/v2\/tags?post=53439"}],"curies":[{"name":"wp","href":"https:\/\/api.w.org\/{rel}","templated":true}]}}