{"id":53442,"date":"2022-11-30T09:20:45","date_gmt":"2022-11-30T15:20:45","guid":{"rendered":"http:\/\/bambapolitica.com.mx\/?p=53442"},"modified":"2022-11-30T09:20:46","modified_gmt":"2022-11-30T15:20:46","slug":"vinculan-a-proceso-a-tios-de-fredy-nino-asesinado-en-la-gam","status":"publish","type":"post","link":"https:\/\/bambapolitica.com.mx\/index.php\/2022\/11\/30\/vinculan-a-proceso-a-tios-de-fredy-nino-asesinado-en-la-gam\/","title":{"rendered":"Vinculan a proceso a t\u00edos de Fredy, ni\u00f1o asesinado en la GAM"},"content":{"rendered":"\n<p>mi\u00e9rcoles, 30 de noviembre de 2022<\/p>\n\n\n\n<p>La pareja permanecer\u00e1 en el Reclusorio Oriente y la mujer en el Centro Femenil de Reinserci\u00f3n Social Santa Martha Acatitla<br>La Fiscal\u00eda General de Justicia de la Ciudad de M\u00e9xico inform\u00f3 que obtuvo de un juez de control la vinculaci\u00f3n a proceso de los t\u00edos de Fredy, menor de 8 a\u00f1os asesinado en la alcald\u00eda Gustavo A. Madero.<\/p>\n\n\n\n<p>A Flor y Rogelio \u2018N\u2019 se les imputa el delito de homicidio calificado en agravio del ni\u00f1o.<br>En la continuaci\u00f3n de audiencia inicial, el Ministerio P\u00fablico reiter\u00f3 la imputaci\u00f3n, por lo que el juez ratific\u00f3 la medida cautelar de prisi\u00f3n preventiva oficiosa y otorg\u00f3 tres meses para el cierre de la investigaci\u00f3n complementaria.<\/p>\n\n\n\n<p>La pareja permanecer\u00e1 en el Reclusorio Oriente y la mujer en el Centro Femenil de Reinserci\u00f3n Social Santa Martha Acatitla.<\/p>\n\n\n\n<p>Las investigaciones se\u00f1alan que la v\u00edctima, de ocho a\u00f1os, sali\u00f3 de su casa sobre la calle Tenochtitl\u00e1n, en la Colonia del Carmen, el martes 22 de noviembre por la tarde.<br>Testigos dijeron que el menor, junto con uno de sus primos, se dirigieron a la calle Benito Ju\u00e1rez, entrando primero al callej\u00f3n del Carmen; no obstante, el menor se adelant\u00f3 y fue momentos despu\u00e9s que uno de los familiares encontr\u00f3 al peque\u00f1o con golpes sobre un callej\u00f3n.<\/p>\n\n\n\n<p>El menor fue trasladado a un hospital, pero ya no contaba con signos vitales.<\/p>\n\n\n\n<p>Los indicios y testimonios apuntan a que el menor sufr\u00eda violencia infantil.<\/p>\n\n\n\n<p>Por este hecho tambi\u00e9n fue detenido un primo de Fredy, quien supuestamente tambi\u00e9n golpe\u00f3 al menor.<\/p>\n","protected":false},"excerpt":{"rendered":"<p>mi\u00e9rcoles, 30 de noviembre de 2022 La pareja permanecer\u00e1 en el Reclusorio Oriente y la&#8230;<\/p>\n","protected":false},"author":3,"featured_media":53443,"comment_status":"closed","ping_status":"closed","sticky":false,"template":"","format":"standard","meta":{"footnotes":""},"categories":[2],"tags":[],"class_list":["post-53442","post","type-post","status-publish","format-standard","has-post-thumbnail","hentry","category-policiaca"],"_links":{"self":[{"href":"https:\/\/bambapolitica.com.mx\/index.php\/wp-json\/wp\/v2\/posts\/53442","targetHints":{"allow":["GET"]}}],"collection":[{"href":"https:\/\/bambapolitica.com.mx\/index.php\/wp-json\/wp\/v2\/posts"}],"about":[{"href":"https:\/\/bambapolitica.com.mx\/index.php\/wp-json\/wp\/v2\/types\/post"}],"author":[{"embeddable":true,"href":"https:\/\/bambapolitica.com.mx\/index.php\/wp-json\/wp\/v2\/users\/3"}],"replies":[{"embeddable":true,"href":"https:\/\/bambapolitica.com.mx\/index.php\/wp-json\/wp\/v2\/comments?post=53442"}],"version-history":[{"count":1,"href":"https:\/\/bambapolitica.com.mx\/index.php\/wp-json\/wp\/v2\/posts\/53442\/revisions"}],"predecessor-version":[{"id":53444,"href":"https:\/\/bambapolitica.com.mx\/index.php\/wp-json\/wp\/v2\/posts\/53442\/revisions\/53444"}],"wp:featuredmedia":[{"embeddable":true,"href":"https:\/\/bambapolitica.com.mx\/index.php\/wp-json\/wp\/v2\/media\/53443"}],"wp:attachment":[{"href":"https:\/\/bambapolitica.com.mx\/index.php\/wp-json\/wp\/v2\/media?parent=53442"}],"wp:term":[{"taxonomy":"category","embeddable":true,"href":"https:\/\/bambapolitica.com.mx\/index.php\/wp-json\/wp\/v2\/categories?post=53442"},{"taxonomy":"post_tag","embeddable":true,"href":"https:\/\/bambapolitica.com.mx\/index.php\/wp-json\/wp\/v2\/tags?post=53442"}],"curies":[{"name":"wp","href":"https:\/\/api.w.org\/{rel}","templated":true}]}}