{"id":53445,"date":"2022-11-30T09:23:38","date_gmt":"2022-11-30T15:23:38","guid":{"rendered":"http:\/\/bambapolitica.com.mx\/?p=53445"},"modified":"2022-11-30T09:23:40","modified_gmt":"2022-11-30T15:23:40","slug":"asesinan-a-regidor-primero-de-texistepec-veracruz","status":"publish","type":"post","link":"https:\/\/bambapolitica.com.mx\/index.php\/2022\/11\/30\/asesinan-a-regidor-primero-de-texistepec-veracruz\/","title":{"rendered":"Asesinan a regidor primero de Texistepec, Veracruz"},"content":{"rendered":"\n<p>mi\u00e9rcoles, 30 de noviembre de 2022<\/p>\n\n\n\n<p>Enrique Arg\u00fcelles Montero, regidor primero del Ayuntamiento de Texistepec, en Veracruz, recibi\u00f3 al menos un disparo en la cabeza.<\/p>\n\n\n\n<p><br>Enrique Arg\u00fcelles Montero, regidor primero del Ayuntamiento de Texistepec, en el estado de Veracruz, fue asesinado la tarde del martes.<\/p>\n\n\n\n<p>El funcionario municipal recibi\u00f3 al menos un disparo en la cabeza aproximadamente a las 16:30 h en la calle Miguel Hidalgo, en Acayucan, el cual se encuentra muy cerca de Texistepec.<\/p>\n\n\n\n<p>De acuerdo con testigos de los hechos, Arg\u00fcelles Montero acababa de subir a su camioneta Toyota Tacoma color blanco, cuando recibi\u00f3 el ataque directo.<\/p>\n\n\n\n<p>Lo anterior gener\u00f3 una fuerte movilizaci\u00f3n por parte de cuerpos policiacos y servicios de emergencia, quienes de inmediato implementaron un operativo para dar con los responsables de este asesinato.<\/p>\n\n\n\n<p>El regidor primero fue llevado herido de gravedad a un hospital de la zona, sin embargo, no resisti\u00f3 y muri\u00f3.<\/p>\n\n\n\n<p>En redes sociales, el Ayuntamiento de Texistepec lament\u00f3 la p\u00e9rdida y exigi\u00f3 a las autoridades de Veracruz el esclarecimiento de los hechos.<br>\u201cHacemos el llamado p\u00fablico a nuestro gobernador Cuitl\u00e1huac Garc\u00eda Jim\u00e9nez ,al secretario de Gobierno Eric Cisneros Burgos y a la Fiscal\u00eda General del Estado de Veracruz. Hoy por culpa de personas sin escr\u00fapulos perdimos a un excelente funcionario municipal, pero m\u00e1s que eso un hombre intachable, un padre ejemplar y un amigo sincero\u201d, se puede leer en el posicionamiento.<\/p>\n\n\n\n<p>Hasta el momento, autoridades no ha confirmado si hay personas detenidas por este asesinato.<\/p>\n","protected":false},"excerpt":{"rendered":"<p>mi\u00e9rcoles, 30 de noviembre de 2022 Enrique Arg\u00fcelles Montero, regidor primero del Ayuntamiento de Texistepec,&#8230;<\/p>\n","protected":false},"author":3,"featured_media":53446,"comment_status":"closed","ping_status":"closed","sticky":false,"template":"","format":"standard","meta":{"footnotes":""},"categories":[2],"tags":[],"class_list":["post-53445","post","type-post","status-publish","format-standard","has-post-thumbnail","hentry","category-policiaca"],"_links":{"self":[{"href":"https:\/\/bambapolitica.com.mx\/index.php\/wp-json\/wp\/v2\/posts\/53445","targetHints":{"allow":["GET"]}}],"collection":[{"href":"https:\/\/bambapolitica.com.mx\/index.php\/wp-json\/wp\/v2\/posts"}],"about":[{"href":"https:\/\/bambapolitica.com.mx\/index.php\/wp-json\/wp\/v2\/types\/post"}],"author":[{"embeddable":true,"href":"https:\/\/bambapolitica.com.mx\/index.php\/wp-json\/wp\/v2\/users\/3"}],"replies":[{"embeddable":true,"href":"https:\/\/bambapolitica.com.mx\/index.php\/wp-json\/wp\/v2\/comments?post=53445"}],"version-history":[{"count":1,"href":"https:\/\/bambapolitica.com.mx\/index.php\/wp-json\/wp\/v2\/posts\/53445\/revisions"}],"predecessor-version":[{"id":53447,"href":"https:\/\/bambapolitica.com.mx\/index.php\/wp-json\/wp\/v2\/posts\/53445\/revisions\/53447"}],"wp:featuredmedia":[{"embeddable":true,"href":"https:\/\/bambapolitica.com.mx\/index.php\/wp-json\/wp\/v2\/media\/53446"}],"wp:attachment":[{"href":"https:\/\/bambapolitica.com.mx\/index.php\/wp-json\/wp\/v2\/media?parent=53445"}],"wp:term":[{"taxonomy":"category","embeddable":true,"href":"https:\/\/bambapolitica.com.mx\/index.php\/wp-json\/wp\/v2\/categories?post=53445"},{"taxonomy":"post_tag","embeddable":true,"href":"https:\/\/bambapolitica.com.mx\/index.php\/wp-json\/wp\/v2\/tags?post=53445"}],"curies":[{"name":"wp","href":"https:\/\/api.w.org\/{rel}","templated":true}]}}