{"id":53451,"date":"2022-11-30T09:41:20","date_gmt":"2022-11-30T15:41:20","guid":{"rendered":"http:\/\/bambapolitica.com.mx\/?p=53451"},"modified":"2022-11-30T09:41:23","modified_gmt":"2022-11-30T15:41:23","slug":"estado-islamico-anuncia-la-muerte-de-su-lider-y-nombra-nuevo-califa","status":"publish","type":"post","link":"https:\/\/bambapolitica.com.mx\/index.php\/2022\/11\/30\/estado-islamico-anuncia-la-muerte-de-su-lider-y-nombra-nuevo-califa\/","title":{"rendered":"Estado Isl\u00e1mico anuncia la muerte de su l\u00edder y nombra nuevo \u2018califa\u2019"},"content":{"rendered":"\n<p>mi\u00e9rcoles, 30 de noviembre de 2022<\/p>\n\n\n\n<p>El Estado Isl\u00e1mico anunci\u00f3 la muerte de su l\u00edder durante una batalla contra \u201cenemigos de Al\u00e1\u201d, por lo que nombr\u00f3 a un nuevo \u2018califa\u2019+<br>El grupo terrorista Estado Isl\u00e1mico (EI) anunci\u00f3 la muerte de su l\u00edder, Abu al Hasan al Qurashi, que fue nombrado por la organizaci\u00f3n el pasado marzo, y design\u00f3 a Abu al Husein al Huseini al Qurashi como el nuevo \u2018califa\u2018, seg\u00fan un audio difundido por la productora audiovisual Al Furqan, af\u00edn a los yihadistas.<\/p>\n\n\n\n<p>\u201cLamento anunciar a los musulmanes y a los soldados del califato isl\u00e1mico la muerte del pr\u00edncipe de los creyentes, Abu Hassan Al Hashemi Al Korashi, durante una batalla donde estaba combatiendo a los enemigos de Al\u00e1\u201d, dijo en el audio el portavoz del EI, Abu Omar al Mohajer.<\/p>\n\n\n\n<p>Asimismo, anunci\u00f3 que, tras una reuni\u00f3n de la c\u00fapula de la organizaci\u00f3n, se acord\u00f3 \u201cnombrar a Abu al Husein al Huseini al Qurashi como califa de los musulmanes\u201d, en referencia al apodo del nuevo l\u00edder, del que se desconoce su nombre real y su funci\u00f3n en el EI hasta el momento.<\/p>\n\n\n\n<p>El portavoz no ofreci\u00f3 detalles de c\u00f3mo ni d\u00f3nde muri\u00f3 el l\u00edder de la organizaci\u00f3n, que hab\u00eda permanecido en las sombras tras ser nombrado el pasado mes de marzo, despu\u00e9s de que su predecesor falleciera a principios de febrero en una operaci\u00f3n estadounidense en el noroeste de Siria.<\/p>\n\n\n\n<p>La \u00faltima informaci\u00f3n sobre el fallecido l\u00edder del EI fue ofrecida el pasado junio por el portal informativo turco Odatv, que asegur\u00f3 que el califa hab\u00eda sido detenido en Estambul un mes antes en una operaci\u00f3n internacional preparada en secreto, si bien este extremo no fue confirmado oficialmente.<\/p>\n\n\n\n<p>Esta representa la segunda muerte en un a\u00f1o de un l\u00edder del Estado Isl\u00e1mico.<\/p>\n\n\n\n<p>El anterior, Abu Ibrahim al Hashimi al Qurashi, muri\u00f3 el 3 de febrero en una operaci\u00f3n de las fuerzas especiales de Estados Unidos en una casa de la provincia siria de Idlib, un basti\u00f3n de la oposici\u00f3n siria en el noroeste del pa\u00eds.<\/p>\n\n\n\n<p>Al Qurashi hab\u00eda sido proclamado califa por el Estado Isl\u00e1mico en 2019, tras el deceso de su antecesor, Abu Bakr al Bagdadi, en otra operaci\u00f3n estadounidense, pero durante su tiempo al frente de una organizaci\u00f3n debilitada y despojada de los amplios territorios que hab\u00eda llegado a conquistas en Siria e Irak no se conoci\u00f3 su rostro ni se escuch\u00f3 su voz.<\/p>\n\n\n\n<p>Desde la muerte de Al Bagdadi, los l\u00edderes de Estado Isl\u00e1mico han sido apodados Al Qurashi, en referencia a la tribu de Quraish (o Coraichitas, en espa\u00f1ol), a la que perteneci\u00f3 el profeta Mahoma, y que los dos \u00faltimos l\u00edderes han empleado para darse legitimidad.<\/p>\n","protected":false},"excerpt":{"rendered":"<p>mi\u00e9rcoles, 30 de noviembre de 2022 El Estado Isl\u00e1mico anunci\u00f3 la muerte de su l\u00edder&#8230;<\/p>\n","protected":false},"author":3,"featured_media":53452,"comment_status":"closed","ping_status":"closed","sticky":false,"template":"","format":"standard","meta":{"footnotes":""},"categories":[5],"tags":[],"class_list":["post-53451","post","type-post","status-publish","format-standard","has-post-thumbnail","hentry","category-internacional"],"_links":{"self":[{"href":"https:\/\/bambapolitica.com.mx\/index.php\/wp-json\/wp\/v2\/posts\/53451","targetHints":{"allow":["GET"]}}],"collection":[{"href":"https:\/\/bambapolitica.com.mx\/index.php\/wp-json\/wp\/v2\/posts"}],"about":[{"href":"https:\/\/bambapolitica.com.mx\/index.php\/wp-json\/wp\/v2\/types\/post"}],"author":[{"embeddable":true,"href":"https:\/\/bambapolitica.com.mx\/index.php\/wp-json\/wp\/v2\/users\/3"}],"replies":[{"embeddable":true,"href":"https:\/\/bambapolitica.com.mx\/index.php\/wp-json\/wp\/v2\/comments?post=53451"}],"version-history":[{"count":1,"href":"https:\/\/bambapolitica.com.mx\/index.php\/wp-json\/wp\/v2\/posts\/53451\/revisions"}],"predecessor-version":[{"id":53453,"href":"https:\/\/bambapolitica.com.mx\/index.php\/wp-json\/wp\/v2\/posts\/53451\/revisions\/53453"}],"wp:featuredmedia":[{"embeddable":true,"href":"https:\/\/bambapolitica.com.mx\/index.php\/wp-json\/wp\/v2\/media\/53452"}],"wp:attachment":[{"href":"https:\/\/bambapolitica.com.mx\/index.php\/wp-json\/wp\/v2\/media?parent=53451"}],"wp:term":[{"taxonomy":"category","embeddable":true,"href":"https:\/\/bambapolitica.com.mx\/index.php\/wp-json\/wp\/v2\/categories?post=53451"},{"taxonomy":"post_tag","embeddable":true,"href":"https:\/\/bambapolitica.com.mx\/index.php\/wp-json\/wp\/v2\/tags?post=53451"}],"curies":[{"name":"wp","href":"https:\/\/api.w.org\/{rel}","templated":true}]}}