{"id":53454,"date":"2022-11-30T09:43:58","date_gmt":"2022-11-30T15:43:58","guid":{"rendered":"http:\/\/bambapolitica.com.mx\/?p=53454"},"modified":"2022-11-30T09:44:01","modified_gmt":"2022-11-30T15:44:01","slug":"tres-migrantes-sobreviven-11-dias-en-timon-de-barco-petrolero-hasta-espana","status":"publish","type":"post","link":"https:\/\/bambapolitica.com.mx\/index.php\/2022\/11\/30\/tres-migrantes-sobreviven-11-dias-en-timon-de-barco-petrolero-hasta-espana\/","title":{"rendered":"Tres migrantes sobreviven 11 d\u00edas en tim\u00f3n de barco petrolero hasta Espa\u00f1a"},"content":{"rendered":"\n<p>mi\u00e9rcoles, 30 de noviembre de 2022<\/p>\n\n\n\n<p>Los migrantes viajaron en el tim\u00f3n de un barco petrolero entre el puerto africano de Lagos y la ciudad espa\u00f1ola de Las Palmas de Gran Canaria<br>Tres migrantes subsaharianos sobrevivieron a una traves\u00eda de once d\u00edas en la mecha del tim\u00f3n de un barco petrolero que naveg\u00f3 sin escalas entre el puerto africano de Lagos y la ciudad espa\u00f1ola de Las Palmas de Gran Canaria, en las islas Canarias (Atl\u00e1ntico).<\/p>\n\n\n\n<p>Sin embargo, estas personas no tienen consideraci\u00f3n legal de migrantes, sino de polizones; ser\u00e1n devueltos al buque para que la tripulaci\u00f3n se haga cargo de ellos, sin permitir que bajen a tierra, hasta que hagan escala de nuevo en el pa\u00eds de partida, Nigeria, seg\u00fan una fuente gubernamental espa\u00f1ola.<\/p>\n\n\n\n<p>Los tres hombres, que fueron hospitalizados con deshidrataci\u00f3n moderada, fueron rescatados este lunes tras ser avistados en ese lugar tan peligroso del buque, con apenas medio metro entre los pies y el agua, seg\u00fan se puede observar en una fotograf\u00eda facilitada a EFE por el servicio espa\u00f1ol de Salvamento Mar\u00edtimo.<br>Las asistencias sanitarias de emergencias les prestaron una primera atenci\u00f3n en el muelle deportivo, nada m\u00e1s desembarcar, pero de inmediato fueron trasladados a dos hospitales, dada su situaci\u00f3n, inform\u00f3 a EFE una portavoz de Emergencias.<\/p>\n\n\n\n<p>Dos se encuentran ya a bordo del petrolero y el tercero ser\u00e1 entregado en cuanto reciba el alta hospitalaria.<\/p>\n\n\n\n<p>Los tres migrantes viajaban de forma clandestina en el barco Alithini II, con bandera de Malta, que parti\u00f3 de Lagos el pasado d\u00eda 17, seg\u00fan consta en los datos sobre su ruta recabados por los portales de seguimiento mar\u00edtimo Vesselfinder.com y Marinetraffic.com, aunque Salvamento Mar\u00edtimo no puede asegurar d\u00f3nde embarcaron.<\/p>\n\n\n\n<p>El lugar donde fueron encontrados es el peque\u00f1o espacio que queda libre bajo la popa donde el tim\u00f3n se encaja en el casco, un hueco que puede inundarse solo con que el buque cabecee entre el oleaje, lo que significa un \u201criesgo m\u00e1ximo\u201d de morir, dijo a EFE Sof\u00eda Hern\u00e1ndez, la jefa del Centro de Coordinaci\u00f3n Salvamento Mar\u00edtimo de Las Palmas, que dirigi\u00f3 el rescate.<\/p>\n\n\n\n<p>Es una pr\u00e1ctica relativamente frecuente; solo en el puerto de Las Palmas de Gran Canaria hubo seis precedentes en los \u00faltimos a\u00f1os: uno en 2018, con cuatro rescatados, y cuatro en 2020, con 15 personas auxiliadas, entre ellas un menor de edad.<\/p>\n\n\n\n<p>En al menos dos de los casos, hay constancia de que los buques proced\u00edan de Nigeria.<\/p>\n\n\n\n<p>Entre el 1 de enero y el 15 de noviembre de este a\u00f1o, 14 mil 875 personas llegaron de manera irregular por v\u00eda mar\u00edtima a las islas espa\u00f1olas de Canarias, en embarcaciones precarias procedentes del continente africano, aunque fue un 17.6 por ciento menos respecto al mismo per\u00edodo de 2021, seg\u00fan los \u00faltimos datos del ministerio espa\u00f1ol del Interior.<\/p>\n\n\n\n<p>En conjunto, entraron en Espa\u00f1a 28 mil 926 inmigrantes, con un descenso del 19.5 por ciento por ciento; la gran mayor\u00eda (26 mil 839) lo hicieron navegando desde el continente africano, un 21,7 por ciento menos que en 2021.<\/p>\n","protected":false},"excerpt":{"rendered":"<p>mi\u00e9rcoles, 30 de noviembre de 2022 Los migrantes viajaron en el tim\u00f3n de un barco&#8230;<\/p>\n","protected":false},"author":3,"featured_media":53455,"comment_status":"closed","ping_status":"closed","sticky":false,"template":"","format":"standard","meta":{"footnotes":""},"categories":[5],"tags":[],"class_list":["post-53454","post","type-post","status-publish","format-standard","has-post-thumbnail","hentry","category-internacional"],"_links":{"self":[{"href":"https:\/\/bambapolitica.com.mx\/index.php\/wp-json\/wp\/v2\/posts\/53454","targetHints":{"allow":["GET"]}}],"collection":[{"href":"https:\/\/bambapolitica.com.mx\/index.php\/wp-json\/wp\/v2\/posts"}],"about":[{"href":"https:\/\/bambapolitica.com.mx\/index.php\/wp-json\/wp\/v2\/types\/post"}],"author":[{"embeddable":true,"href":"https:\/\/bambapolitica.com.mx\/index.php\/wp-json\/wp\/v2\/users\/3"}],"replies":[{"embeddable":true,"href":"https:\/\/bambapolitica.com.mx\/index.php\/wp-json\/wp\/v2\/comments?post=53454"}],"version-history":[{"count":1,"href":"https:\/\/bambapolitica.com.mx\/index.php\/wp-json\/wp\/v2\/posts\/53454\/revisions"}],"predecessor-version":[{"id":53456,"href":"https:\/\/bambapolitica.com.mx\/index.php\/wp-json\/wp\/v2\/posts\/53454\/revisions\/53456"}],"wp:featuredmedia":[{"embeddable":true,"href":"https:\/\/bambapolitica.com.mx\/index.php\/wp-json\/wp\/v2\/media\/53455"}],"wp:attachment":[{"href":"https:\/\/bambapolitica.com.mx\/index.php\/wp-json\/wp\/v2\/media?parent=53454"}],"wp:term":[{"taxonomy":"category","embeddable":true,"href":"https:\/\/bambapolitica.com.mx\/index.php\/wp-json\/wp\/v2\/categories?post=53454"},{"taxonomy":"post_tag","embeddable":true,"href":"https:\/\/bambapolitica.com.mx\/index.php\/wp-json\/wp\/v2\/tags?post=53454"}],"curies":[{"name":"wp","href":"https:\/\/api.w.org\/{rel}","templated":true}]}}