{"id":53460,"date":"2022-11-30T09:50:54","date_gmt":"2022-11-30T15:50:54","guid":{"rendered":"http:\/\/bambapolitica.com.mx\/?p=53460"},"modified":"2022-11-30T09:50:56","modified_gmt":"2022-11-30T15:50:56","slug":"rusia-ha-entrenado-a-mas-de-300-mil-reservistas-en-dos-meses-segun-el-ministro-de-defensa","status":"publish","type":"post","link":"https:\/\/bambapolitica.com.mx\/index.php\/2022\/11\/30\/rusia-ha-entrenado-a-mas-de-300-mil-reservistas-en-dos-meses-segun-el-ministro-de-defensa\/","title":{"rendered":"Rusia ha entrenado a m\u00e1s de 300 mil reservistas en dos meses, seg\u00fan el ministro de Defensa"},"content":{"rendered":"\n<p>mi\u00e9rcoles, 30 de noviembre de 2022<\/p>\n\n\n\n<p>El ministro de Defensa de Rusia, Sergu\u00e9i Shoig\u00fa, detall\u00f3 que en el entrenamiento de reservistas han participado cerca de 3 mil instructores<br>El ministro de Defensa de Rusia, Sergu\u00e9i Shoig\u00fa, inform\u00f3 hoy de que en dos meses m\u00e1s de 300 mil reservistas han recibido entrenamiento en el marco de la movilizaci\u00f3n parcial decretada el pasado 21 de septiembre.<\/p>\n\n\n\n<p>En dos meses han sido entrenados 300 mil reservistas, incluidos voluntarios\u201d, afirm\u00f3 Shoig\u00fa en una reuni\u00f3n de la plana mayor de Defensa.<\/p>\n\n\n\n<p>Precis\u00f3 que en los centros de instrucci\u00f3n han recibido formaci\u00f3n cerca de ocho mil tripulaciones de tanques y carros artillados, unidades de operadores de artiller\u00eda y defensa antia\u00e9reas, entre otros especialistas militares.<\/p>\n\n\n\n<p>En esta labor, a\u00f1adi\u00f3 el ministro, han participado cerca de tres mil instructores y se han utilizado m\u00e1s de cien pol\u00edgonos militares emplazados en Rusia y Bielorrusia.<\/p>\n\n\n\n<p>\u201cLos militares adquirieron los conocimientos y habilidades necesarias para el cumplimiento de misiones especiales y de combate, de manera individual y como miembros de unidades\u201d, dijo.<\/p>\n\n\n\n<p>El presidente de Rusia, Vlad\u00edmir Putin, decret\u00f3 una movilizaci\u00f3n parcial ante los reveses de sus tropas en el este de Ucrania, especialmente en la regi\u00f3n de J\u00e1rkov.<\/p>\n\n\n\n<p>Desde entonces se han multiplicado las denuncias de que los movilizados no reciben el necesario equipamiento y que muchos de ellos han sido enviados a zonas de combates sin la debida preparaci\u00f3n.<\/p>\n\n\n\n<p>El pasado 28 de octubre Shoig\u00fa anunci\u00f3 el t\u00e9rmino de la movilizaci\u00f3n parcial.<\/p>\n\n\n\n<p>\u201cEl objetivo que se marc\u00f3, 300.000 hombres, se ha cumplido. No se planean reclutamientos adicionales\u201d, inform\u00f3 ese d\u00eda el ministro a Putin, aunque seg\u00fan medios rusos independientes siguen llegando citaciones a algunos reservistas.<\/p>\n","protected":false},"excerpt":{"rendered":"<p>mi\u00e9rcoles, 30 de noviembre de 2022 El ministro de Defensa de Rusia, Sergu\u00e9i Shoig\u00fa, detall\u00f3&#8230;<\/p>\n","protected":false},"author":3,"featured_media":53461,"comment_status":"closed","ping_status":"closed","sticky":false,"template":"","format":"standard","meta":{"footnotes":""},"categories":[5],"tags":[],"class_list":["post-53460","post","type-post","status-publish","format-standard","has-post-thumbnail","hentry","category-internacional"],"_links":{"self":[{"href":"https:\/\/bambapolitica.com.mx\/index.php\/wp-json\/wp\/v2\/posts\/53460","targetHints":{"allow":["GET"]}}],"collection":[{"href":"https:\/\/bambapolitica.com.mx\/index.php\/wp-json\/wp\/v2\/posts"}],"about":[{"href":"https:\/\/bambapolitica.com.mx\/index.php\/wp-json\/wp\/v2\/types\/post"}],"author":[{"embeddable":true,"href":"https:\/\/bambapolitica.com.mx\/index.php\/wp-json\/wp\/v2\/users\/3"}],"replies":[{"embeddable":true,"href":"https:\/\/bambapolitica.com.mx\/index.php\/wp-json\/wp\/v2\/comments?post=53460"}],"version-history":[{"count":1,"href":"https:\/\/bambapolitica.com.mx\/index.php\/wp-json\/wp\/v2\/posts\/53460\/revisions"}],"predecessor-version":[{"id":53462,"href":"https:\/\/bambapolitica.com.mx\/index.php\/wp-json\/wp\/v2\/posts\/53460\/revisions\/53462"}],"wp:featuredmedia":[{"embeddable":true,"href":"https:\/\/bambapolitica.com.mx\/index.php\/wp-json\/wp\/v2\/media\/53461"}],"wp:attachment":[{"href":"https:\/\/bambapolitica.com.mx\/index.php\/wp-json\/wp\/v2\/media?parent=53460"}],"wp:term":[{"taxonomy":"category","embeddable":true,"href":"https:\/\/bambapolitica.com.mx\/index.php\/wp-json\/wp\/v2\/categories?post=53460"},{"taxonomy":"post_tag","embeddable":true,"href":"https:\/\/bambapolitica.com.mx\/index.php\/wp-json\/wp\/v2\/tags?post=53460"}],"curies":[{"name":"wp","href":"https:\/\/api.w.org\/{rel}","templated":true}]}}