{"id":53463,"date":"2022-12-01T07:51:42","date_gmt":"2022-12-01T13:51:42","guid":{"rendered":"http:\/\/bambapolitica.com.mx\/?p=53463"},"modified":"2022-12-01T07:51:45","modified_gmt":"2022-12-01T13:51:45","slug":"el-senado-de-la-republica-convoco-a-elecciones-extraordinarias-para-ocupar-el-escano-por-tamaulipas","status":"publish","type":"post","link":"https:\/\/bambapolitica.com.mx\/index.php\/2022\/12\/01\/el-senado-de-la-republica-convoco-a-elecciones-extraordinarias-para-ocupar-el-escano-por-tamaulipas\/","title":{"rendered":"El Senado de la Rep\u00fablica convoc\u00f3 a elecciones extraordinarias para ocupar el esca\u00f1o por Tamaulipas"},"content":{"rendered":"\n<p>jueves, 1 de diciembre de 2022<\/p>\n\n\n\n<p>El Senado determin\u00f3 convocar a elecciones extraordinarias para elegir al nuevo senador por Tamaulipas tras la muerte de Faustino L\u00f3pez.<\/p>\n\n\n\n<p><br>La convocatoria fue aprobada por unanimidad, con 75 votos a favor.<br>Ser\u00e1 el Instituto Nacional Electoral (INE) el que organice la elecci\u00f3n extraordinaria, misma que deber\u00e1 llevarse a cabo el domingo 19 de febrero de 2023.<\/p>\n\n\n\n<p><br>Se elegir\u00e1 una o un senador propietario y una o un senador suplente, quienes rendir\u00e1n protesta ante el Pleno del Senado, para permanecer en funciones durante la LXV Legislatura del Congreso de la Uni\u00f3n.<\/p>\n","protected":false},"excerpt":{"rendered":"<p>jueves, 1 de diciembre de 2022 El Senado determin\u00f3 convocar a elecciones extraordinarias para elegir&#8230;<\/p>\n","protected":false},"author":3,"featured_media":53464,"comment_status":"closed","ping_status":"closed","sticky":false,"template":"","format":"standard","meta":{"footnotes":""},"categories":[4],"tags":[],"class_list":["post-53463","post","type-post","status-publish","format-standard","has-post-thumbnail","hentry","category-noticias-del-dia"],"_links":{"self":[{"href":"https:\/\/bambapolitica.com.mx\/index.php\/wp-json\/wp\/v2\/posts\/53463","targetHints":{"allow":["GET"]}}],"collection":[{"href":"https:\/\/bambapolitica.com.mx\/index.php\/wp-json\/wp\/v2\/posts"}],"about":[{"href":"https:\/\/bambapolitica.com.mx\/index.php\/wp-json\/wp\/v2\/types\/post"}],"author":[{"embeddable":true,"href":"https:\/\/bambapolitica.com.mx\/index.php\/wp-json\/wp\/v2\/users\/3"}],"replies":[{"embeddable":true,"href":"https:\/\/bambapolitica.com.mx\/index.php\/wp-json\/wp\/v2\/comments?post=53463"}],"version-history":[{"count":1,"href":"https:\/\/bambapolitica.com.mx\/index.php\/wp-json\/wp\/v2\/posts\/53463\/revisions"}],"predecessor-version":[{"id":53465,"href":"https:\/\/bambapolitica.com.mx\/index.php\/wp-json\/wp\/v2\/posts\/53463\/revisions\/53465"}],"wp:featuredmedia":[{"embeddable":true,"href":"https:\/\/bambapolitica.com.mx\/index.php\/wp-json\/wp\/v2\/media\/53464"}],"wp:attachment":[{"href":"https:\/\/bambapolitica.com.mx\/index.php\/wp-json\/wp\/v2\/media?parent=53463"}],"wp:term":[{"taxonomy":"category","embeddable":true,"href":"https:\/\/bambapolitica.com.mx\/index.php\/wp-json\/wp\/v2\/categories?post=53463"},{"taxonomy":"post_tag","embeddable":true,"href":"https:\/\/bambapolitica.com.mx\/index.php\/wp-json\/wp\/v2\/tags?post=53463"}],"curies":[{"name":"wp","href":"https:\/\/api.w.org\/{rel}","templated":true}]}}