{"id":53466,"date":"2022-12-01T07:54:37","date_gmt":"2022-12-01T13:54:37","guid":{"rendered":"http:\/\/bambapolitica.com.mx\/?p=53466"},"modified":"2022-12-01T07:54:40","modified_gmt":"2022-12-01T13:54:40","slug":"onu-mujeres-ve-posible-transformar-mexico-y-el-mundo-pero-la-solucion-es-hoy","status":"publish","type":"post","link":"https:\/\/bambapolitica.com.mx\/index.php\/2022\/12\/01\/onu-mujeres-ve-posible-transformar-mexico-y-el-mundo-pero-la-solucion-es-hoy\/","title":{"rendered":"ONU Mujeres ve posible transformar M\u00e9xico y el mundo, pero la soluci\u00f3n es hoy"},"content":{"rendered":"\n<p>jueves, 1 de diciembre de 2022<\/p>\n\n\n\n<p>ONU Mujeres pide unidad como sociedad para combatir y erradicar la discriminaci\u00f3n y violencia en M\u00e9xico y en el mundo<\/p>\n\n\n\n<p>ONU Mujeres conf\u00eda en que se puede cambiar la situaci\u00f3n de discriminaci\u00f3n y violencia en el mundo y en M\u00e9xico, pero el momento es ahora, seg\u00fan dijo en entrevista con EFE la representante de este organismo en M\u00e9xico, Bel\u00e9n Sanz.<\/p>\n\n\n\n<p>\u201cTenemos claridad de que es posible transformar esta situaci\u00f3n de desigualdad y de violencia (hacia las mujeres) y la soluci\u00f3n est\u00e1 hoy, en que nos unamos y colectivamente como sociedad, desde donde estemos, sentirnos y hacernos activistas por la igualdad\u201d, expuso Sanz.<\/p>\n\n\n\n<p>Con la campa\u00f1a \u201c\u00a1\u00danete! Activismo para poner fin a la violencia contra las mujeres y las ni\u00f1as\u201c, ONU Mujeres M\u00e9xico llama a la sociedad a participar en el cambio, a hacerse activistas frente a un escenario en el que, estima el propio organismo, si no se toman medidas, al ritmo actual se tardar\u00edan 300 a\u00f1os en eliminar todas las discriminaciones hacia las mujeres de las leyes del mundo.<\/p>\n\n\n\n<p>\u201cNuestra campa\u00f1a de este a\u00f1o -lanzada el 25 de noviembre, D\u00eda Internacional de la Eliminaci\u00f3n de la Violencia Contra la Mujer- est\u00e1 centrada en recordarnos que no solo las activistas son las que tienen que actuar, sino que todos podemos ser activistas, que el activismo lo podemos desarrollar en todos los espacios\u201d, expuso.<\/p>\n\n\n\n<p>Habl\u00f3 de que la poblaci\u00f3n se convierta en activista en el trabajo, en los medios de comunicaci\u00f3n, en las conversaciones con amigos o en el espacio escolar, entre muchas otras \u00e1reas.<\/p>\n\n\n\n<p>\u201cEl activismo es algo que nos convoca como sociedad, invitamos a que todos sean parte de este activismo\u201d, incidi\u00f3.<\/p>\n\n\n\n<p>Campa\u00f1a para las activistas<br>La campa\u00f1a surge de querer poner en valor la labor de las activistas por los derechos de las mujeres, quienes han dado a la lacra de la violencia contra ellas una gran visibilidad.<\/p>\n\n\n\n<p>\u201cSu tarea se lleva a cabo con enormes riesgos y dificultades, pero al mismo tiempo nunca han desistido en empujarnos hacia delante en materia de derechos de las mujeres\u201d, reconoci\u00f3 Sanz.<\/p>\n\n\n\n<p>Pero, a pesar de los logros en cuanto a visibilidad, Sanz dijo que el balance de ONU Mujeres M\u00e9xico sobre la situaci\u00f3n actual no es positivo.<\/p>\n\n\n\n<p>\u201c(La conmemoraci\u00f3n de) este 25 de noviembre es una oportunidad m\u00e1s para reconocer que todav\u00eda, a d\u00eda de hoy, la violencia contra las mujeres y las ni\u00f1as sigue siendo la crisis de derechos humanos m\u00e1s extendida, m\u00e1s generalizada y, lo que es peor, m\u00e1s tolerada en nuestro mundo\u201d, sentenci\u00f3.<\/p>\n\n\n\n<p>Violencia machista en M\u00e9xico<br>A nivel mundial, 1 de cada 3 mujeres ha sido v\u00edctima de violencia en alg\u00fan momento de su vida. En M\u00e9xico al menos 7 de cada 10 han pasado por una situaci\u00f3n de violencia. Adem\u00e1s, cada d\u00eda, 10 mujeres son asesinadas.<\/p>\n\n\n\n<p>Sanz detall\u00f3 que, tambi\u00e9n, a ra\u00edz de la pandemia de COVID-19, han aparecido nuevas formas de violencia, como lo es la violencia digital, de la que 3 de cada 10 mujeres fueron v\u00edctimas.<\/p>\n\n\n\n<p>Para revertir esta situaci\u00f3n, hace falta, como insiste la campa\u00f1a, la participaci\u00f3n de la sociedad civil en el activismo, pero tambi\u00e9n la colaboraci\u00f3n de las autoridades y de las empresas privadas.<\/p>\n\n\n\n<p>\u201cEsta problem\u00e1tica es de tales dimensiones que requiere de un abordaje colectivo. No vamos a poder resolverla individualmente ni desde un solo sector: necesitamos a los gobiernos, que tienen la obligaci\u00f3n de defender los derechos de las mujeres\u201d, coment\u00f3.<\/p>\n\n\n\n<p>\u201cY tambi\u00e9n necesitamos del sector privado. Es el principal generador de empleo en nuestros pa\u00edses y tiene la posibilidad de generar espacios libres de violencia o espacios donde se reproduce la discriminaci\u00f3n y el acoso\u201d, termin\u00f3 la experta.<\/p>\n","protected":false},"excerpt":{"rendered":"<p>jueves, 1 de diciembre de 2022 ONU Mujeres pide unidad como sociedad para combatir y&#8230;<\/p>\n","protected":false},"author":3,"featured_media":53467,"comment_status":"closed","ping_status":"closed","sticky":false,"template":"","format":"standard","meta":{"footnotes":""},"categories":[4],"tags":[],"class_list":["post-53466","post","type-post","status-publish","format-standard","has-post-thumbnail","hentry","category-noticias-del-dia"],"_links":{"self":[{"href":"https:\/\/bambapolitica.com.mx\/index.php\/wp-json\/wp\/v2\/posts\/53466","targetHints":{"allow":["GET"]}}],"collection":[{"href":"https:\/\/bambapolitica.com.mx\/index.php\/wp-json\/wp\/v2\/posts"}],"about":[{"href":"https:\/\/bambapolitica.com.mx\/index.php\/wp-json\/wp\/v2\/types\/post"}],"author":[{"embeddable":true,"href":"https:\/\/bambapolitica.com.mx\/index.php\/wp-json\/wp\/v2\/users\/3"}],"replies":[{"embeddable":true,"href":"https:\/\/bambapolitica.com.mx\/index.php\/wp-json\/wp\/v2\/comments?post=53466"}],"version-history":[{"count":1,"href":"https:\/\/bambapolitica.com.mx\/index.php\/wp-json\/wp\/v2\/posts\/53466\/revisions"}],"predecessor-version":[{"id":53468,"href":"https:\/\/bambapolitica.com.mx\/index.php\/wp-json\/wp\/v2\/posts\/53466\/revisions\/53468"}],"wp:featuredmedia":[{"embeddable":true,"href":"https:\/\/bambapolitica.com.mx\/index.php\/wp-json\/wp\/v2\/media\/53467"}],"wp:attachment":[{"href":"https:\/\/bambapolitica.com.mx\/index.php\/wp-json\/wp\/v2\/media?parent=53466"}],"wp:term":[{"taxonomy":"category","embeddable":true,"href":"https:\/\/bambapolitica.com.mx\/index.php\/wp-json\/wp\/v2\/categories?post=53466"},{"taxonomy":"post_tag","embeddable":true,"href":"https:\/\/bambapolitica.com.mx\/index.php\/wp-json\/wp\/v2\/tags?post=53466"}],"curies":[{"name":"wp","href":"https:\/\/api.w.org\/{rel}","templated":true}]}}