{"id":53469,"date":"2022-12-01T08:04:24","date_gmt":"2022-12-01T14:04:24","guid":{"rendered":"http:\/\/bambapolitica.com.mx\/?p=53469"},"modified":"2022-12-01T08:04:27","modified_gmt":"2022-12-01T14:04:27","slug":"senado-cita-a-comparecer-a-rosario-piedra-el-7-de-diciembre","status":"publish","type":"post","link":"https:\/\/bambapolitica.com.mx\/index.php\/2022\/12\/01\/senado-cita-a-comparecer-a-rosario-piedra-el-7-de-diciembre\/","title":{"rendered":"Senado cita a comparecer a Rosario Piedra el 7 de diciembre"},"content":{"rendered":"\n<p>jueves, 1 de diciembre de 2022<\/p>\n\n\n\n<p>Rosario Piedra fue citada a comparecer al Senado tras la renuncia de Gloria Ram\u00edrez como consejera honor\u00edfica de la CNDH<\/p>\n\n\n\n<p><br>El Senado de la Rep\u00fablica prob\u00f3 el formato y procedimiento de la comparecencia de Rosario Piedra Ibarra, presidenta de la Comisi\u00f3n Nacional de Derechos Humanos (CNDH), para el 7 de diciembre.<br>La funcionaria deber\u00e1 explicar sus acciones dentro del organismo tras la renuncia de Gloria Ram\u00edrez Hern\u00e1ndez como consejera honor\u00edfica del organismo, quien en una carta a la senadora panista Kenia L\u00f3pez revel\u00f3 que \u201cen varios asuntos no hemos tenido coincidencias en la defensa de los derechos de las mujeres\u201d.<\/p>\n\n\n\n<p><br>Ram\u00edrez Hern\u00e1ndez dej\u00f3 en claro que una \u201csituaci\u00f3n personal\u201d la llev\u00f3 a presentar su renuncia, pero dej\u00f3 en claro que con Piedra Ibarra al frente del organismo \u201cha sido dif\u00edcil enriquecer el trabajo de la CNDH\u201d e incluso \u201cmantener un di\u00e1logo constructivo\u201d dados los disensos y posturas opuestas.<\/p>\n\n\n\n<p>Rosario Piedra deber\u00e1 acudir a las 12:00 h del mi\u00e9rcoles 7 de diciembre.<\/p>\n\n\n\n<p>Se tiene previsto que la titular de la CNDH d\u00e9 una intervenci\u00f3n de 20 minutos, a la que seguir\u00e1n dos rondas de preguntas de los senadores.<\/p>\n\n\n\n<p>Previamente, Piedra Ibarra compareci\u00f3 ante la C\u00e1mara de Diputados, en la que habl\u00f3, entre otros temas, sobre la recomendaci\u00f3n que emiti\u00f3 al Instituto Nacional Electoral.<\/p>\n","protected":false},"excerpt":{"rendered":"<p>jueves, 1 de diciembre de 2022 Rosario Piedra fue citada a comparecer al Senado tras&#8230;<\/p>\n","protected":false},"author":3,"featured_media":53470,"comment_status":"closed","ping_status":"closed","sticky":false,"template":"","format":"standard","meta":{"footnotes":""},"categories":[4],"tags":[],"class_list":["post-53469","post","type-post","status-publish","format-standard","has-post-thumbnail","hentry","category-noticias-del-dia"],"_links":{"self":[{"href":"https:\/\/bambapolitica.com.mx\/index.php\/wp-json\/wp\/v2\/posts\/53469","targetHints":{"allow":["GET"]}}],"collection":[{"href":"https:\/\/bambapolitica.com.mx\/index.php\/wp-json\/wp\/v2\/posts"}],"about":[{"href":"https:\/\/bambapolitica.com.mx\/index.php\/wp-json\/wp\/v2\/types\/post"}],"author":[{"embeddable":true,"href":"https:\/\/bambapolitica.com.mx\/index.php\/wp-json\/wp\/v2\/users\/3"}],"replies":[{"embeddable":true,"href":"https:\/\/bambapolitica.com.mx\/index.php\/wp-json\/wp\/v2\/comments?post=53469"}],"version-history":[{"count":1,"href":"https:\/\/bambapolitica.com.mx\/index.php\/wp-json\/wp\/v2\/posts\/53469\/revisions"}],"predecessor-version":[{"id":53471,"href":"https:\/\/bambapolitica.com.mx\/index.php\/wp-json\/wp\/v2\/posts\/53469\/revisions\/53471"}],"wp:featuredmedia":[{"embeddable":true,"href":"https:\/\/bambapolitica.com.mx\/index.php\/wp-json\/wp\/v2\/media\/53470"}],"wp:attachment":[{"href":"https:\/\/bambapolitica.com.mx\/index.php\/wp-json\/wp\/v2\/media?parent=53469"}],"wp:term":[{"taxonomy":"category","embeddable":true,"href":"https:\/\/bambapolitica.com.mx\/index.php\/wp-json\/wp\/v2\/categories?post=53469"},{"taxonomy":"post_tag","embeddable":true,"href":"https:\/\/bambapolitica.com.mx\/index.php\/wp-json\/wp\/v2\/tags?post=53469"}],"curies":[{"name":"wp","href":"https:\/\/api.w.org\/{rel}","templated":true}]}}