{"id":53472,"date":"2022-12-01T08:24:24","date_gmt":"2022-12-01T14:24:24","guid":{"rendered":"http:\/\/bambapolitica.com.mx\/?p=53472"},"modified":"2022-12-01T08:24:26","modified_gmt":"2022-12-01T14:24:26","slug":"universidad-de-colima-en-alerta-por-amenaza-de-tiroteo-en-bachillerato-33","status":"publish","type":"post","link":"https:\/\/bambapolitica.com.mx\/index.php\/2022\/12\/01\/universidad-de-colima-en-alerta-por-amenaza-de-tiroteo-en-bachillerato-33\/","title":{"rendered":"Universidad de Colima en alerta por amenaza de tiroteo en Bachillerato 33"},"content":{"rendered":"\n<p>jueves, 1 de diciembre de 2022<\/p>\n\n\n\n<p>La Universidad de Colima activ\u00f3 protocolos de seguridad en el Bachillerato 33 ante una supuesta amenaza de tiroteo.<\/p>\n\n\n\n<p><br>La Universidad de Colima activ\u00f3 sus protocolos de seguridad e inici\u00f3 una investigaci\u00f3n por una presunta amenaza difundida en redes sociales que amenaza a la comunidad estudiantil y particularmente al Bachillerato 33, ubicado en Cuauht\u00e9moc.<\/p>\n\n\n\n<p><br>Supuestamente, un alumno de dicho plantel insinu\u00f3 por medio de WhatsApp que perpetrar\u00eda un tiroteo en la escuela.<br>Por medio de un comunicado, la Universidad de Colima explic\u00f3 que el pasado martes 29 de noviembre se present\u00f3 la denuncia correspondiente ante la Fiscal\u00eda General del Estado (FGE) de Colima para que investigue el caso.<\/p>\n\n\n\n<p>Adem\u00e1s, se estableci\u00f3 una coordinaci\u00f3n permanente con representantes de la Secretar\u00eda de Seguridad P\u00fablica y del municipio de Cuauht\u00e9moc para que proporcionaran apoyo de manera preventiva y protegiera a la comunidad estudiantil en caso de que la amenaza fuera cierta.<\/p>\n\n\n\n<p><br>En cuanto al alumno involucrado, este culminar\u00e1 el semestre por medio de mediaci\u00f3n tecnol\u00f3gica y no tendr\u00e1 acceso f\u00edsicamente a las instalaciones hasta que no se esclarezca el caso.<\/p>\n\n\n\n<p>No escatimaremos esfuerzos y recursos para aclarar a la brevedad esta situaci\u00f3n y en su caso, desde la Universidad de Colima, emitir un castigo ejemplar a la persona involucrada, si la informaci\u00f3n recibida resulta ser falsa o tratarse de una broma\u201d, se inform\u00f3.<\/p>\n","protected":false},"excerpt":{"rendered":"<p>jueves, 1 de diciembre de 2022 La Universidad de Colima activ\u00f3 protocolos de seguridad en&#8230;<\/p>\n","protected":false},"author":3,"featured_media":53473,"comment_status":"closed","ping_status":"closed","sticky":false,"template":"","format":"standard","meta":{"footnotes":""},"categories":[4],"tags":[],"class_list":["post-53472","post","type-post","status-publish","format-standard","has-post-thumbnail","hentry","category-noticias-del-dia"],"_links":{"self":[{"href":"https:\/\/bambapolitica.com.mx\/index.php\/wp-json\/wp\/v2\/posts\/53472","targetHints":{"allow":["GET"]}}],"collection":[{"href":"https:\/\/bambapolitica.com.mx\/index.php\/wp-json\/wp\/v2\/posts"}],"about":[{"href":"https:\/\/bambapolitica.com.mx\/index.php\/wp-json\/wp\/v2\/types\/post"}],"author":[{"embeddable":true,"href":"https:\/\/bambapolitica.com.mx\/index.php\/wp-json\/wp\/v2\/users\/3"}],"replies":[{"embeddable":true,"href":"https:\/\/bambapolitica.com.mx\/index.php\/wp-json\/wp\/v2\/comments?post=53472"}],"version-history":[{"count":1,"href":"https:\/\/bambapolitica.com.mx\/index.php\/wp-json\/wp\/v2\/posts\/53472\/revisions"}],"predecessor-version":[{"id":53474,"href":"https:\/\/bambapolitica.com.mx\/index.php\/wp-json\/wp\/v2\/posts\/53472\/revisions\/53474"}],"wp:featuredmedia":[{"embeddable":true,"href":"https:\/\/bambapolitica.com.mx\/index.php\/wp-json\/wp\/v2\/media\/53473"}],"wp:attachment":[{"href":"https:\/\/bambapolitica.com.mx\/index.php\/wp-json\/wp\/v2\/media?parent=53472"}],"wp:term":[{"taxonomy":"category","embeddable":true,"href":"https:\/\/bambapolitica.com.mx\/index.php\/wp-json\/wp\/v2\/categories?post=53472"},{"taxonomy":"post_tag","embeddable":true,"href":"https:\/\/bambapolitica.com.mx\/index.php\/wp-json\/wp\/v2\/tags?post=53472"}],"curies":[{"name":"wp","href":"https:\/\/api.w.org\/{rel}","templated":true}]}}