{"id":53475,"date":"2022-12-01T08:27:14","date_gmt":"2022-12-01T14:27:14","guid":{"rendered":"http:\/\/bambapolitica.com.mx\/?p=53475"},"modified":"2022-12-01T08:27:19","modified_gmt":"2022-12-01T14:27:19","slug":"mexico-confirma-que-brote-de-meningitis-es-por-anestesia-contaminada","status":"publish","type":"post","link":"https:\/\/bambapolitica.com.mx\/index.php\/2022\/12\/01\/mexico-confirma-que-brote-de-meningitis-es-por-anestesia-contaminada\/","title":{"rendered":"M\u00e9xico confirma que brote de meningitis es por anestesia contaminada"},"content":{"rendered":"\n<p>jueves, 1 de diciembre de 2022<\/p>\n\n\n\n<p>Hasta el momento se tienen registrados 68 casos de meningitis debido a un hongo y la enfermedad no se transmite de persona a persona.<\/p>\n\n\n\n<p><br>Un brote de meningitis que ha provocado 18 defunciones en el estado de Durango se origin\u00f3 por anestesia contaminada, confirm\u00f3 el subsecretario de Prevenci\u00f3n y Promoci\u00f3n de la Salud de M\u00e9xico, Hugo L\u00f3pez-Gatell.<\/p>\n\n\n\n<p>En conferencia de prensa, inform\u00f3 que hasta el momento se tienen registrados 68 casos de meningitis debido a un hongo y precis\u00f3 que la enfermedad no se transmite de persona a persona.<\/p>\n\n\n\n<p>\u201cLo hemos caracterizado como una situaci\u00f3n compleja en t\u00e9rminos de salud porque se trata de un brote de meningitis, ya no le llamamos as\u00e9ptica, porque a lo largo de la investigaci\u00f3n ya encontramos la causa, el agente infeccioso y lo que encontramos fue un hongo microsc\u00f3pico\u201d, explic\u00f3 L\u00f3pez-Gatell a medios.<\/p>\n\n\n\n<p>Agreg\u00f3 que el hongo tiene por nombre Fusarium solani \u201cque es la presunta causa de esta meningitis\u201d.<\/p>\n\n\n\n<p>Seg\u00fan los apuntes m\u00e9dicos, la meningitis consiste en la inflamaci\u00f3n de las membranas (meninges) que rodean al cerebro y la m\u00e9dula espinal. Habitualmente, aunque no siempre, tienen una causa infecciosa como bacterias, par\u00e1sitos, hongos, virus, ciertos medicamentos o tumores.<br>L\u00f3pez-Gatell precis\u00f3 que \u201cno se trata de una enfermedad que va a ser transmitida de persona a persona\u201d y dijo que esto es importante para que no se genere \u201cuna inquietud, no justificada de que pudiera ser un brote que se propague porque no es la manera en que se contagia esta meningitis en particular\u201d.<\/p>\n\n\n\n<p>Dijo que las investigaciones cient\u00edficas en la parte epidemiol\u00f3gico-sanitaria y la investigaci\u00f3n que por su cuenta ha hecho la Fiscal\u00eda del Estado de Durango tienen conclusiones comunes.<\/p>\n\n\n\n<p>\u201cLa presunta causa de infecci\u00f3n de las pacientes fue a trav\u00e9s de un procedimiento de anestesia estandarizado que en condiciones habituales es completamente seguro\u201d, precis\u00f3.<\/p>\n\n\n\n<p>A\u00f1adi\u00f3 que la investigaci\u00f3n est\u00e1 orientada a encontrar cuales \u201cfueron los errores de pr\u00e1ctica que llevaron a que un procedimiento seguro, se volviera inseguro en el caso de las pacientes afectadas\u201d.<\/p>\n\n\n\n<p>El 24 de noviembre, la Secretar\u00eda de Salud de M\u00e9xico indic\u00f3 en un comunicado que la investigaci\u00f3n estaba enfocada en determinar en qu\u00e9 punto del proceso ocurri\u00f3 la contaminaci\u00f3n y dijo que \u201cser\u00eda especulativo atribuir los casos a los frascos fabricados, almacenados o al uso mismo del anest\u00e9sico en los pacientes\u201d.<\/p>\n\n\n\n<p>En ese reporte se inform\u00f3 que se llevaba a cabo el seguimiento m\u00e9dico de las personas que desde mayo recibieron el procedimiento anest\u00e9sico en alguno de los cuatro hospitales involucrados para monitorear su estado de salud.<\/p>\n\n\n\n<p>Adem\u00e1s, se apunt\u00f3 que el gobernador de Durango, Esteban Alejandro Villegas, M\u00e9xico hab\u00eda realizado consultas con expertos de los Centros para el Control y la Prevenci\u00f3n de Enfermedades (CDC) y de la Administraci\u00f3n Federal de Alimentos y Medicamentos (FDA) de los Estados Unidos.<\/p>\n\n\n\n<p>Ese mismo d\u00eda, la Direcci\u00f3n General de Epidemiolog\u00eda inform\u00f3 que la mayor\u00eda de las afectadas eran mujeres con procedimientos quir\u00fargicos obst\u00e9tricos y un var\u00f3n con antecedente de intervenci\u00f3n ortop\u00e9dica. En todos los casos en protocolo recibieron bloqueo neuroaxial, precis\u00f3.<\/p>\n","protected":false},"excerpt":{"rendered":"<p>jueves, 1 de diciembre de 2022 Hasta el momento se tienen registrados 68 casos de&#8230;<\/p>\n","protected":false},"author":3,"featured_media":53476,"comment_status":"closed","ping_status":"closed","sticky":false,"template":"","format":"standard","meta":{"footnotes":""},"categories":[4],"tags":[],"class_list":["post-53475","post","type-post","status-publish","format-standard","has-post-thumbnail","hentry","category-noticias-del-dia"],"_links":{"self":[{"href":"https:\/\/bambapolitica.com.mx\/index.php\/wp-json\/wp\/v2\/posts\/53475","targetHints":{"allow":["GET"]}}],"collection":[{"href":"https:\/\/bambapolitica.com.mx\/index.php\/wp-json\/wp\/v2\/posts"}],"about":[{"href":"https:\/\/bambapolitica.com.mx\/index.php\/wp-json\/wp\/v2\/types\/post"}],"author":[{"embeddable":true,"href":"https:\/\/bambapolitica.com.mx\/index.php\/wp-json\/wp\/v2\/users\/3"}],"replies":[{"embeddable":true,"href":"https:\/\/bambapolitica.com.mx\/index.php\/wp-json\/wp\/v2\/comments?post=53475"}],"version-history":[{"count":1,"href":"https:\/\/bambapolitica.com.mx\/index.php\/wp-json\/wp\/v2\/posts\/53475\/revisions"}],"predecessor-version":[{"id":53477,"href":"https:\/\/bambapolitica.com.mx\/index.php\/wp-json\/wp\/v2\/posts\/53475\/revisions\/53477"}],"wp:featuredmedia":[{"embeddable":true,"href":"https:\/\/bambapolitica.com.mx\/index.php\/wp-json\/wp\/v2\/media\/53476"}],"wp:attachment":[{"href":"https:\/\/bambapolitica.com.mx\/index.php\/wp-json\/wp\/v2\/media?parent=53475"}],"wp:term":[{"taxonomy":"category","embeddable":true,"href":"https:\/\/bambapolitica.com.mx\/index.php\/wp-json\/wp\/v2\/categories?post=53475"},{"taxonomy":"post_tag","embeddable":true,"href":"https:\/\/bambapolitica.com.mx\/index.php\/wp-json\/wp\/v2\/tags?post=53475"}],"curies":[{"name":"wp","href":"https:\/\/api.w.org\/{rel}","templated":true}]}}