{"id":53490,"date":"2022-12-01T09:00:45","date_gmt":"2022-12-01T15:00:45","guid":{"rendered":"http:\/\/bambapolitica.com.mx\/?p=53490"},"modified":"2022-12-01T09:00:46","modified_gmt":"2022-12-01T15:00:46","slug":"asesinan-a-eduardo-arguelles-montero-regidor-de-texistepec-veracruz","status":"publish","type":"post","link":"https:\/\/bambapolitica.com.mx\/index.php\/2022\/12\/01\/asesinan-a-eduardo-arguelles-montero-regidor-de-texistepec-veracruz\/","title":{"rendered":"Asesinan a Eduardo Arg\u00fcelles Montero, regidor de Texistepec, Veracruz"},"content":{"rendered":"\n<p>jueves, 1 de diciembre de 2022<\/p>\n\n\n\n<p>El funcionario p\u00fablico acababa de realizar unas compras en el municipio de Acayucan cuando al subir a su camioneta fue atacado a balazos.<\/p>\n\n\n\n<p><br>Enrique Arg\u00fcelles Montero, regidor primero del ayuntamiento de Texistepec, en Veracruz, muri\u00f3 en un centro m\u00e9dico tras ser atacado a balazos por hombres desconocidos mientras se encontraba en el municipio de Acayucan.<\/p>\n\n\n\n<p>El ataque ocurri\u00f3 la tarde del martes 29 de noviembre aproximadamente a las 17:00 horas sobre la calle Miguel Hidalgo, entre Antonio Plaza y Flores Mag\u00f3n, a unos metros de las instalaciones de la Fuerza Civil.<br>De acuerdo con testigos, Enrique Arg\u00fcelles Montero hab\u00eda terminado de hacer unas compras en una refaccionaria como parte de sus comisiones en el \u00e1mbito laboral, cuando al subir a su camioneta fue abordado por hombres armados que le dispararon en varias ocasiones.<\/p>\n\n\n\n<p>En consecuencia, el regidor qued\u00f3 gravemente herido al interior de su veh\u00edculo modelo Toyota Tacoma color blanco. Por lo anterior, testigos que presenciaron el hecho auxiliaron al servidor p\u00fablico y solicitaron la asistencia de los servicios de emergencia.<\/p>\n\n\n\n<p>Al lugar acudieron elementos de la Fuerza Civil y param\u00e9dicos que se dispusieron a bajar a Enrique Arg\u00fcelles de la camioneta, quien por un momento se mantuvo de pie y fue recostado en la camilla para ser trasladado en ambulancia al Hospital Regional.<\/p>\n\n\n\n<p>Una hora despu\u00e9s, cuando era trasladado a un centro m\u00e9dico en Coatzacoalcos, Arg\u00fcelles Montero muri\u00f3 a causa de la gravedad de las heridas que le causaron los impactos de bala.<br>Al respecto la Fiscal\u00eda de Veracruz inform\u00f3 que ya investiga el crimen y abri\u00f3 una carpeta de investigaci\u00f3n para esclarecer el homicidio de Enrique Arg\u00fcelles Montero.<\/p>\n\n\n\n<p>Ayuntamiento de Texistepec exige justicia por asesinato de su regidor<br>A trav\u00e9s de su p\u00e1gina de Facebook, el Ayuntamiento de Texistepec a cargo de la administraci\u00f3n del presidente municipal V\u00edctor Manuel S\u00e1nchez Florentino, conden\u00f3 el asesinato de su regidor primero y exigi\u00f3 a la Fiscal\u00eda de Veracruz que el crimen no quede impune, adem\u00e1s de dar con los responsables.<\/p>\n\n\n\n<p>\u201cEl H. Ayuntamiento de Texistepec condena en\u00e9rgicamente el artero crimen en contra del regidor primero Enrique Arg\u00fcelles Montero, en un cobarde ataque sucedido la tarde del 29 de noviembre en el municipio de Acayucan, mientras se encontraba realizando actividades inherentes a su funci\u00f3n\u201d.<\/p>\n\n\n\n<p>Asimismo, el ayuntamiento public\u00f3 un comunicado en el que informa que debido al asesinato de su funcionario p\u00fablico se suspenden labores en todas las \u00e1reas los d\u00edas mi\u00e9rcoles 30 de noviembre y jueves 1 de diciembre.<\/p>\n","protected":false},"excerpt":{"rendered":"<p>jueves, 1 de diciembre de 2022 El funcionario p\u00fablico acababa de realizar unas compras en&#8230;<\/p>\n","protected":false},"author":3,"featured_media":53491,"comment_status":"closed","ping_status":"closed","sticky":false,"template":"","format":"standard","meta":{"footnotes":""},"categories":[2],"tags":[],"class_list":["post-53490","post","type-post","status-publish","format-standard","has-post-thumbnail","hentry","category-policiaca"],"_links":{"self":[{"href":"https:\/\/bambapolitica.com.mx\/index.php\/wp-json\/wp\/v2\/posts\/53490","targetHints":{"allow":["GET"]}}],"collection":[{"href":"https:\/\/bambapolitica.com.mx\/index.php\/wp-json\/wp\/v2\/posts"}],"about":[{"href":"https:\/\/bambapolitica.com.mx\/index.php\/wp-json\/wp\/v2\/types\/post"}],"author":[{"embeddable":true,"href":"https:\/\/bambapolitica.com.mx\/index.php\/wp-json\/wp\/v2\/users\/3"}],"replies":[{"embeddable":true,"href":"https:\/\/bambapolitica.com.mx\/index.php\/wp-json\/wp\/v2\/comments?post=53490"}],"version-history":[{"count":1,"href":"https:\/\/bambapolitica.com.mx\/index.php\/wp-json\/wp\/v2\/posts\/53490\/revisions"}],"predecessor-version":[{"id":53492,"href":"https:\/\/bambapolitica.com.mx\/index.php\/wp-json\/wp\/v2\/posts\/53490\/revisions\/53492"}],"wp:featuredmedia":[{"embeddable":true,"href":"https:\/\/bambapolitica.com.mx\/index.php\/wp-json\/wp\/v2\/media\/53491"}],"wp:attachment":[{"href":"https:\/\/bambapolitica.com.mx\/index.php\/wp-json\/wp\/v2\/media?parent=53490"}],"wp:term":[{"taxonomy":"category","embeddable":true,"href":"https:\/\/bambapolitica.com.mx\/index.php\/wp-json\/wp\/v2\/categories?post=53490"},{"taxonomy":"post_tag","embeddable":true,"href":"https:\/\/bambapolitica.com.mx\/index.php\/wp-json\/wp\/v2\/tags?post=53490"}],"curies":[{"name":"wp","href":"https:\/\/api.w.org\/{rel}","templated":true}]}}