{"id":53493,"date":"2022-12-01T09:04:49","date_gmt":"2022-12-01T15:04:49","guid":{"rendered":"http:\/\/bambapolitica.com.mx\/?p=53493"},"modified":"2022-12-01T09:04:53","modified_gmt":"2022-12-01T15:04:53","slug":"captan-ataque-a-balazos-en-negocio-de-autopartes-en-la-colonia-moderna","status":"publish","type":"post","link":"https:\/\/bambapolitica.com.mx\/index.php\/2022\/12\/01\/captan-ataque-a-balazos-en-negocio-de-autopartes-en-la-colonia-moderna\/","title":{"rendered":"Captan ataque a balazos en negocio de autopartes en la colonia Moderna"},"content":{"rendered":"\n<p>jueves, 1 de diciembre de 2022<\/p>\n\n\n\n<p>En el video se observa cuando siete hombres son baleados por tripulantes de una camioneta, im\u00e1genes que ya son analizadas por las autoridades.<\/p>\n\n\n\n<p><br>La Polic\u00eda Ministerial analiza las im\u00e1genes que capt\u00f3 el sistema de vigilancia del local donde, la tarde del martes, sujetos armados atacaron a varios hombres en la colonia Moderna.<\/p>\n\n\n\n<p>Como se dio a conocer, en el sitio hubo tres heridos, entre ellos un agente ministerial incapacitado, y uno de los cuales falleci\u00f3 el mi\u00e9rcoles en un hospital.<\/p>\n\n\n\n<p>En el video se observa a siete individuos platicando afuera del negocio de autopartes ubicado en las calles Pablo A. de la Garza y Nardo.<br>De pronto se detiene frente a ellos una camioneta blanca de reciente modelo, desde la cual comienzan a disparar el copiloto y otro sujeto que viajaba en el asiento posterior.<\/p>\n\n\n\n<p>Inmediatamente despu\u00e9s de que esta unidad se retira, otros hombres llegan en un auto Nissan Versa gris y tambi\u00e9n accionan armas de fuego.<\/p>\n\n\n\n<p>Tres de los siete hombres que estaban platicando afuera del negocio resultaron heridos, entre ellos Juan \u00c1ngel V\u00e1zquez Rivera, de 34 a\u00f1os y quien falleci\u00f3 al d\u00eda siguiente en el hospital de Zona n\u00famero 21 del IMSS.<\/p>\n\n\n\n<p>Las otras dos personas heridas son Carlos, de 31 a\u00f1os, y Jes\u00fas Alejandro, de 30. El primero de ellos es un agente ministerial que, trascendi\u00f3, est\u00e1 incapacitado desde hace aproximadamente un a\u00f1o.<\/p>\n","protected":false},"excerpt":{"rendered":"<p>jueves, 1 de diciembre de 2022 En el video se observa cuando siete hombres son&#8230;<\/p>\n","protected":false},"author":3,"featured_media":53494,"comment_status":"closed","ping_status":"closed","sticky":false,"template":"","format":"standard","meta":{"footnotes":""},"categories":[2],"tags":[],"class_list":["post-53493","post","type-post","status-publish","format-standard","has-post-thumbnail","hentry","category-policiaca"],"_links":{"self":[{"href":"https:\/\/bambapolitica.com.mx\/index.php\/wp-json\/wp\/v2\/posts\/53493","targetHints":{"allow":["GET"]}}],"collection":[{"href":"https:\/\/bambapolitica.com.mx\/index.php\/wp-json\/wp\/v2\/posts"}],"about":[{"href":"https:\/\/bambapolitica.com.mx\/index.php\/wp-json\/wp\/v2\/types\/post"}],"author":[{"embeddable":true,"href":"https:\/\/bambapolitica.com.mx\/index.php\/wp-json\/wp\/v2\/users\/3"}],"replies":[{"embeddable":true,"href":"https:\/\/bambapolitica.com.mx\/index.php\/wp-json\/wp\/v2\/comments?post=53493"}],"version-history":[{"count":1,"href":"https:\/\/bambapolitica.com.mx\/index.php\/wp-json\/wp\/v2\/posts\/53493\/revisions"}],"predecessor-version":[{"id":53495,"href":"https:\/\/bambapolitica.com.mx\/index.php\/wp-json\/wp\/v2\/posts\/53493\/revisions\/53495"}],"wp:featuredmedia":[{"embeddable":true,"href":"https:\/\/bambapolitica.com.mx\/index.php\/wp-json\/wp\/v2\/media\/53494"}],"wp:attachment":[{"href":"https:\/\/bambapolitica.com.mx\/index.php\/wp-json\/wp\/v2\/media?parent=53493"}],"wp:term":[{"taxonomy":"category","embeddable":true,"href":"https:\/\/bambapolitica.com.mx\/index.php\/wp-json\/wp\/v2\/categories?post=53493"},{"taxonomy":"post_tag","embeddable":true,"href":"https:\/\/bambapolitica.com.mx\/index.php\/wp-json\/wp\/v2\/tags?post=53493"}],"curies":[{"name":"wp","href":"https:\/\/api.w.org\/{rel}","templated":true}]}}