{"id":53496,"date":"2022-12-01T09:09:56","date_gmt":"2022-12-01T15:09:56","guid":{"rendered":"http:\/\/bambapolitica.com.mx\/?p=53496"},"modified":"2022-12-01T09:09:58","modified_gmt":"2022-12-01T15:09:58","slug":"condenan-a-60-anos-de-carcel-a-dos-hombres-por-secuestro-expres-en-tultepec","status":"publish","type":"post","link":"https:\/\/bambapolitica.com.mx\/index.php\/2022\/12\/01\/condenan-a-60-anos-de-carcel-a-dos-hombres-por-secuestro-expres-en-tultepec\/","title":{"rendered":"Condenan a 60 a\u00f1os de c\u00e1rcel a dos hombres por secuestro expr\u00e9s en Tultepec"},"content":{"rendered":"\n<p>jueves, 1 de diciembre de 2022<\/p>\n\n\n\n<p>Uriel Garc\u00eda Rodr\u00edguez y Javier Rogelio Rodr\u00edguez, fueron sentenciados a 60 a\u00f1os de prisi\u00f3n por el delito de secuestro expr\u00e9s con fines de robo en el municipio de Tultepec, Estado de M\u00e9xico. Los hechos ocurrieron el 23 de noviembre de 2021, cuando los implicados sometieron al conductor de un veh\u00edculo marca Freightliner, tipo Torton, con la finalidad de robar la mercanc\u00eda que transportaba, que consist\u00eda en ropa y calzado. De acuerdo con la denuncia, la v\u00edctima conduc\u00eda la unidad por la carretera Circuito Exterior Mexiquense (CEM), y a la altura del kil\u00f3metro 24 del poblado de Santiago Teyahualco, fue interceptada por estos hombres, quienes la amagaron con armas de fuego para quitarle el tr\u00e1iler. Adem\u00e1s, al conductor lo obligaron a subir a un veh\u00edculo, en el que lo mantuvieron privado de la libertad por varias horas. Tiempo en el que los implicados sustrajeron la mercanc\u00eda y luego liberaron a la v\u00edctima.<\/p>\n","protected":false},"excerpt":{"rendered":"<p>jueves, 1 de diciembre de 2022 Uriel Garc\u00eda Rodr\u00edguez y Javier Rogelio Rodr\u00edguez, fueron sentenciados&#8230;<\/p>\n","protected":false},"author":3,"featured_media":53497,"comment_status":"closed","ping_status":"closed","sticky":false,"template":"","format":"standard","meta":{"footnotes":""},"categories":[2],"tags":[],"class_list":["post-53496","post","type-post","status-publish","format-standard","has-post-thumbnail","hentry","category-policiaca"],"_links":{"self":[{"href":"https:\/\/bambapolitica.com.mx\/index.php\/wp-json\/wp\/v2\/posts\/53496","targetHints":{"allow":["GET"]}}],"collection":[{"href":"https:\/\/bambapolitica.com.mx\/index.php\/wp-json\/wp\/v2\/posts"}],"about":[{"href":"https:\/\/bambapolitica.com.mx\/index.php\/wp-json\/wp\/v2\/types\/post"}],"author":[{"embeddable":true,"href":"https:\/\/bambapolitica.com.mx\/index.php\/wp-json\/wp\/v2\/users\/3"}],"replies":[{"embeddable":true,"href":"https:\/\/bambapolitica.com.mx\/index.php\/wp-json\/wp\/v2\/comments?post=53496"}],"version-history":[{"count":1,"href":"https:\/\/bambapolitica.com.mx\/index.php\/wp-json\/wp\/v2\/posts\/53496\/revisions"}],"predecessor-version":[{"id":53498,"href":"https:\/\/bambapolitica.com.mx\/index.php\/wp-json\/wp\/v2\/posts\/53496\/revisions\/53498"}],"wp:featuredmedia":[{"embeddable":true,"href":"https:\/\/bambapolitica.com.mx\/index.php\/wp-json\/wp\/v2\/media\/53497"}],"wp:attachment":[{"href":"https:\/\/bambapolitica.com.mx\/index.php\/wp-json\/wp\/v2\/media?parent=53496"}],"wp:term":[{"taxonomy":"category","embeddable":true,"href":"https:\/\/bambapolitica.com.mx\/index.php\/wp-json\/wp\/v2\/categories?post=53496"},{"taxonomy":"post_tag","embeddable":true,"href":"https:\/\/bambapolitica.com.mx\/index.php\/wp-json\/wp\/v2\/tags?post=53496"}],"curies":[{"name":"wp","href":"https:\/\/api.w.org\/{rel}","templated":true}]}}