{"id":53499,"date":"2022-12-01T09:12:14","date_gmt":"2022-12-01T15:12:14","guid":{"rendered":"http:\/\/bambapolitica.com.mx\/?p=53499"},"modified":"2022-12-01T09:12:17","modified_gmt":"2022-12-01T15:12:17","slug":"policia-del-cusaem-lleva-dias-desaparecido-salio-a-trabajar-en-aculco-y-ya-no-regreso","status":"publish","type":"post","link":"https:\/\/bambapolitica.com.mx\/index.php\/2022\/12\/01\/policia-del-cusaem-lleva-dias-desaparecido-salio-a-trabajar-en-aculco-y-ya-no-regreso\/","title":{"rendered":"Polic\u00eda del Cusaem lleva d\u00edas desaparecido; sali\u00f3 a trabajar en Aculco y ya no regres\u00f3"},"content":{"rendered":"\n<p>jueves, 1 de diciembre de 2022<\/p>\n\n\n\n<p>Familiares se\u00f1alan que hay anomal\u00edas por parte de la escuela donde laboraba ya que se tardaron en reportar su desaparici\u00f3n.<\/p>\n\n\n\n<p><br>Silviano Hern\u00e1ndez Luciano, elemento del Cuerpo de Seguridad Auxiliar del Estado de M\u00e9xico (CUSAEM), despareci\u00f3 desde el pasado 11 de noviembre tras acudir a su trabajo en una escuela ubicada en el municipio de Aculco, y hasta el momento no hay rastro de su paradero. De acuerdo con los familiares, sali\u00f3 de su casa en la comunidad de Santa Cruz Tepexpan, en Jilotepec, y se dirigi\u00f3 a su trabajo en el Tecnol\u00f3gico de Estudios Superiores de Jilotepec, con extensi\u00f3n en Aculco; a su trabajo lleg\u00f3, pero el 14 de noviembre personal administrativo de la escuela report\u00f3 que no se encontraba en la caseta de vigilancia. La familia pudo confirmar que del 11 al 13 de noviembre estuvo en su trabajo, debido a sus registros en la bit\u00e1cora laboral e incluso el 15 de noviembre terminaba su guardia y debi\u00f3 regresar a casa, pero esto no sucedi\u00f3. En la Fiscal\u00eda Regional de Jilotepec se inici\u00f3 la investigaci\u00f3n por desaparici\u00f3n y se emiti\u00f3 una alerta de b\u00fasqueda Odisea del hombre que lleva aproximadamente 30 a\u00f1os de trabajo en la corporaci\u00f3n de CUSAEM; sin embargo, la familia tiene dudas sobre algunas anomal\u00edas de parte de la escuela, ya que durante los primeros d\u00edas de la desaparici\u00f3n no se report\u00f3 nada fuera de lo normal, hasta d\u00edas despu\u00e9s se\u00f1alaron que hab\u00eda desaparecido una planta de luz. \u201cEso lo tuvieron que haber reportado inmediatamente, el compa\u00f1ero se debi\u00f3 dar cuenta de eso y no s\u00e9 porque lo dijeron hasta despu\u00e9s\u201d, se\u00f1al\u00f3 uno de los familiares. Por ello, piden a la Fiscal\u00eda General de Justicia del Estado de M\u00e9xico (FGJEM) dar avances de la investigaci\u00f3n, pues temen que Silviano haya sido v\u00edctima de delincuentes que se lo llevaron de dicha planta.<\/p>\n","protected":false},"excerpt":{"rendered":"<p>jueves, 1 de diciembre de 2022 Familiares se\u00f1alan que hay anomal\u00edas por parte de la&#8230;<\/p>\n","protected":false},"author":3,"featured_media":53500,"comment_status":"closed","ping_status":"closed","sticky":false,"template":"","format":"standard","meta":{"footnotes":""},"categories":[2],"tags":[],"class_list":["post-53499","post","type-post","status-publish","format-standard","has-post-thumbnail","hentry","category-policiaca"],"_links":{"self":[{"href":"https:\/\/bambapolitica.com.mx\/index.php\/wp-json\/wp\/v2\/posts\/53499","targetHints":{"allow":["GET"]}}],"collection":[{"href":"https:\/\/bambapolitica.com.mx\/index.php\/wp-json\/wp\/v2\/posts"}],"about":[{"href":"https:\/\/bambapolitica.com.mx\/index.php\/wp-json\/wp\/v2\/types\/post"}],"author":[{"embeddable":true,"href":"https:\/\/bambapolitica.com.mx\/index.php\/wp-json\/wp\/v2\/users\/3"}],"replies":[{"embeddable":true,"href":"https:\/\/bambapolitica.com.mx\/index.php\/wp-json\/wp\/v2\/comments?post=53499"}],"version-history":[{"count":1,"href":"https:\/\/bambapolitica.com.mx\/index.php\/wp-json\/wp\/v2\/posts\/53499\/revisions"}],"predecessor-version":[{"id":53501,"href":"https:\/\/bambapolitica.com.mx\/index.php\/wp-json\/wp\/v2\/posts\/53499\/revisions\/53501"}],"wp:featuredmedia":[{"embeddable":true,"href":"https:\/\/bambapolitica.com.mx\/index.php\/wp-json\/wp\/v2\/media\/53500"}],"wp:attachment":[{"href":"https:\/\/bambapolitica.com.mx\/index.php\/wp-json\/wp\/v2\/media?parent=53499"}],"wp:term":[{"taxonomy":"category","embeddable":true,"href":"https:\/\/bambapolitica.com.mx\/index.php\/wp-json\/wp\/v2\/categories?post=53499"},{"taxonomy":"post_tag","embeddable":true,"href":"https:\/\/bambapolitica.com.mx\/index.php\/wp-json\/wp\/v2\/tags?post=53499"}],"curies":[{"name":"wp","href":"https:\/\/api.w.org\/{rel}","templated":true}]}}