{"id":53502,"date":"2022-12-01T09:20:42","date_gmt":"2022-12-01T15:20:42","guid":{"rendered":"http:\/\/bambapolitica.com.mx\/?p=53502"},"modified":"2022-12-01T09:20:43","modified_gmt":"2022-12-01T15:20:43","slug":"encendido-del-arbol-del-rockefeller-center-inaugura-temporada-navidena-en-ny","status":"publish","type":"post","link":"https:\/\/bambapolitica.com.mx\/index.php\/2022\/12\/01\/encendido-del-arbol-del-rockefeller-center-inaugura-temporada-navidena-en-ny\/","title":{"rendered":"Encendido del \u00e1rbol del Rockefeller Center inaugura temporada navide\u00f1a en NY"},"content":{"rendered":"\n<p>jueves, 1 de diciembre de 2022<\/p>\n\n\n\n<p>El \u00e1rbol casi centenario luce 50 mil luces LED multicolores que se iluminaron al final de la fiesta y est\u00e1 coronado con una estrella de Swarovski<\/p>\n\n\n\n<p><br>El emblem\u00e1tico \u00e1rbol de Navidad de Rockefeller Center, en Nueva York, fue iluminado esta noche, inaugurando as\u00ed la temporada festiva navide\u00f1a en la ciudad, un acontecimiento que reuni\u00f3 a cientos de personas pese a un clima lluvioso y fr\u00edo.<\/p>\n\n\n\n<p>La ceremonia del encendido, que se celebra desde hace 90 a\u00f1os y se retransmite por televisi\u00f3n, cont\u00f3 con las actuaciones de Alicia Keys, Gwen Stefani, Blake Shelton, Andrea Bocelli y las Rockettes, las famosas bailarinas del espect\u00e1culo navide\u00f1o de Radio City.<br>Aunque sin duda lo que encandil\u00f3 a los espectadores fue el despliegue de luces repartido en las ramas del abeto noruego de m\u00e1s de 25 metros de altura y unas 14 toneladas de peso, que viaj\u00f3 unos 320 kil\u00f3metros desde la localidad de Queensbury, al norte del estado de Nueva York.<\/p>\n\n\n\n<p>El \u00e1rbol casi centenario luce 50 mil luces LED multicolores que se iluminaron al final de la fiesta y est\u00e1 coronado con una estrella de Swarovski que se utiliza desde 2018, con un peso de 408.23 kilogramos y 70 puntas cubiertas con 3 millones de cristales.<\/p>\n\n\n\n<p>Ubicado junto a la pista de patinaje sobre hielo del complejo comercial, el \u00e1rbol se encender\u00e1 a diario tras la puesta de sol y hasta la medianoche, y las autoridades han anunciado que cerrar\u00e1n el tr\u00e1fico rodado en sus alrededores coincidiendo con esas horas.<\/p>\n\n\n\n<p>Los visitantes, repartidos en las calles cercanas al imponente rascacielos Rockefeller, este mi\u00e9rcoles disfrutaron tambi\u00e9n del espect\u00e1culo de luces que se puede ver en la fachada de los grandes almacenes de lujo Saks Fifth Avenue y que contribuye al ambiente navide\u00f1o neoyorquino.<\/p>\n","protected":false},"excerpt":{"rendered":"<p>jueves, 1 de diciembre de 2022 El \u00e1rbol casi centenario luce 50 mil luces LED&#8230;<\/p>\n","protected":false},"author":3,"featured_media":53503,"comment_status":"closed","ping_status":"closed","sticky":false,"template":"","format":"standard","meta":{"footnotes":""},"categories":[5],"tags":[],"class_list":["post-53502","post","type-post","status-publish","format-standard","has-post-thumbnail","hentry","category-internacional"],"_links":{"self":[{"href":"https:\/\/bambapolitica.com.mx\/index.php\/wp-json\/wp\/v2\/posts\/53502","targetHints":{"allow":["GET"]}}],"collection":[{"href":"https:\/\/bambapolitica.com.mx\/index.php\/wp-json\/wp\/v2\/posts"}],"about":[{"href":"https:\/\/bambapolitica.com.mx\/index.php\/wp-json\/wp\/v2\/types\/post"}],"author":[{"embeddable":true,"href":"https:\/\/bambapolitica.com.mx\/index.php\/wp-json\/wp\/v2\/users\/3"}],"replies":[{"embeddable":true,"href":"https:\/\/bambapolitica.com.mx\/index.php\/wp-json\/wp\/v2\/comments?post=53502"}],"version-history":[{"count":1,"href":"https:\/\/bambapolitica.com.mx\/index.php\/wp-json\/wp\/v2\/posts\/53502\/revisions"}],"predecessor-version":[{"id":53504,"href":"https:\/\/bambapolitica.com.mx\/index.php\/wp-json\/wp\/v2\/posts\/53502\/revisions\/53504"}],"wp:featuredmedia":[{"embeddable":true,"href":"https:\/\/bambapolitica.com.mx\/index.php\/wp-json\/wp\/v2\/media\/53503"}],"wp:attachment":[{"href":"https:\/\/bambapolitica.com.mx\/index.php\/wp-json\/wp\/v2\/media?parent=53502"}],"wp:term":[{"taxonomy":"category","embeddable":true,"href":"https:\/\/bambapolitica.com.mx\/index.php\/wp-json\/wp\/v2\/categories?post=53502"},{"taxonomy":"post_tag","embeddable":true,"href":"https:\/\/bambapolitica.com.mx\/index.php\/wp-json\/wp\/v2\/tags?post=53502"}],"curies":[{"name":"wp","href":"https:\/\/api.w.org\/{rel}","templated":true}]}}