{"id":53505,"date":"2022-12-01T09:25:13","date_gmt":"2022-12-01T15:25:13","guid":{"rendered":"http:\/\/bambapolitica.com.mx\/?p=53505"},"modified":"2022-12-01T09:25:15","modified_gmt":"2022-12-01T15:25:15","slug":"joe-biden-enciende-el-arbol-de-navidad-en-la-casa-blanca","status":"publish","type":"post","link":"https:\/\/bambapolitica.com.mx\/index.php\/2022\/12\/01\/joe-biden-enciende-el-arbol-de-navidad-en-la-casa-blanca\/","title":{"rendered":"Joe Biden enciende el \u00e1rbol de Navidad en la Casa Blanca"},"content":{"rendered":"\n<p>jueves, 1 de diciembre de 2022<\/p>\n\n\n\n<p>La ceremonia encabezada por Joe Biden dio inicio a la \u00e9poca navide\u00f1a en Estados Unidos<br>El presidente de Estados Unidos, Joe Biden, encendi\u00f3 el \u00e1rbol de Navidad en la Casa Blanca en un evento que cont\u00f3 con la presencia de simpatizantes y artistas.<\/p>\n\n\n\n<p><br>La ceremonia se realiz\u00f3 tras la inauguraci\u00f3n de la iluminaci\u00f3n en el recinto presidencial, que encabez\u00f3 la primera dama, Jill Biden, y marca el inicio de la temporada navide\u00f1a en Estados Unidos, tras el D\u00eda de Acci\u00f3n de Gracias.<br>El presidente estadounidense pronunci\u00f3 algunas palabras y manifest\u00f3 sus buenos deseos para el pueblo de Estados Unidos.<\/p>\n\n\n\n<p>El \u00e1rbol colocado en la Casa Blanca es un abeto de 8.2 metros de alto.<\/p>\n","protected":false},"excerpt":{"rendered":"<p>jueves, 1 de diciembre de 2022 La ceremonia encabezada por Joe Biden dio inicio a&#8230;<\/p>\n","protected":false},"author":3,"featured_media":53506,"comment_status":"closed","ping_status":"closed","sticky":false,"template":"","format":"standard","meta":{"footnotes":""},"categories":[5],"tags":[],"class_list":["post-53505","post","type-post","status-publish","format-standard","has-post-thumbnail","hentry","category-internacional"],"_links":{"self":[{"href":"https:\/\/bambapolitica.com.mx\/index.php\/wp-json\/wp\/v2\/posts\/53505","targetHints":{"allow":["GET"]}}],"collection":[{"href":"https:\/\/bambapolitica.com.mx\/index.php\/wp-json\/wp\/v2\/posts"}],"about":[{"href":"https:\/\/bambapolitica.com.mx\/index.php\/wp-json\/wp\/v2\/types\/post"}],"author":[{"embeddable":true,"href":"https:\/\/bambapolitica.com.mx\/index.php\/wp-json\/wp\/v2\/users\/3"}],"replies":[{"embeddable":true,"href":"https:\/\/bambapolitica.com.mx\/index.php\/wp-json\/wp\/v2\/comments?post=53505"}],"version-history":[{"count":1,"href":"https:\/\/bambapolitica.com.mx\/index.php\/wp-json\/wp\/v2\/posts\/53505\/revisions"}],"predecessor-version":[{"id":53507,"href":"https:\/\/bambapolitica.com.mx\/index.php\/wp-json\/wp\/v2\/posts\/53505\/revisions\/53507"}],"wp:featuredmedia":[{"embeddable":true,"href":"https:\/\/bambapolitica.com.mx\/index.php\/wp-json\/wp\/v2\/media\/53506"}],"wp:attachment":[{"href":"https:\/\/bambapolitica.com.mx\/index.php\/wp-json\/wp\/v2\/media?parent=53505"}],"wp:term":[{"taxonomy":"category","embeddable":true,"href":"https:\/\/bambapolitica.com.mx\/index.php\/wp-json\/wp\/v2\/categories?post=53505"},{"taxonomy":"post_tag","embeddable":true,"href":"https:\/\/bambapolitica.com.mx\/index.php\/wp-json\/wp\/v2\/tags?post=53505"}],"curies":[{"name":"wp","href":"https:\/\/api.w.org\/{rel}","templated":true}]}}