{"id":53515,"date":"2022-12-03T09:59:00","date_gmt":"2022-12-03T15:59:00","guid":{"rendered":"http:\/\/bambapolitica.com.mx\/?p=53515"},"modified":"2022-12-01T10:01:17","modified_gmt":"2022-12-01T16:01:17","slug":"morena-explora-la-posibilidad-de-formar-una-alianza-por-la-gubernatura-del-edomex","status":"publish","type":"post","link":"https:\/\/bambapolitica.com.mx\/index.php\/2022\/12\/03\/morena-explora-la-posibilidad-de-formar-una-alianza-por-la-gubernatura-del-edomex\/","title":{"rendered":"Morena explora la posibilidad de formar una alianza por la gubernatura del Edomex"},"content":{"rendered":"\n<p>S\u00e1bado, 3 de diciembre de 2022<\/p>\n\n\n\n<p>\u201cNo me atrever\u00eda a adelantar todav\u00eda, pero estamos construyendo un ejercicio de poder caminar juntos para 2023&#8243;.<\/p>\n\n\n\n<p><br>La dirigencia de Morena en el Estado de M\u00e9xico explora la posibilidad de formalizar una coalici\u00f3n electoral con otros tres partidos rumbo a la elecci\u00f3n por la gubernatura en 2023, inform\u00f3 la presidente de la fuerza pol\u00edtica en la entidad, Martha Guerrero S\u00e1nchez. \u201cNo me atrever\u00eda a adelantar todav\u00eda, lo que s\u00ed te puedo decir es que estamos construyendo un ejercicio de poder caminar juntos para 2023, pero todav\u00eda estamos en tiempo, estamos platicando\u201d. El partido tiene di\u00e1logos con Nueva Alianza, Partido del Trabajo (PT) y el Verde Ecologista de M\u00e9xico (PVEM), para competir juntos en las pr\u00f3ximas elecciones. Sobre este \u00faltimo partido, su dirigente estatal, Jos\u00e9 Couttolenc Buentello, ha se\u00f1alado que les gustar\u00eda competir solos, &#8220;pero la decisi\u00f3n de una alianza ser\u00e1 de la militancia&#8221;. Al respecto, la l\u00edder morenista explic\u00f3 que es natural esa postura que obedece a un an\u00e1lisis interno que realizan. \u201cRecuerden que tambi\u00e9n en su condici\u00f3n como dirigente tiene que hacer lo propio con su trabajo de base y al final de cuentas recuerden que \u00e9l va a revisar, va a checar y al \u00faltimo de todas formas nos tenemos que sentar algunos y si est\u00e1 el no caminar, no vamos a caminar y se est\u00e1 el caminar, pues vamos a hacerlo. Tenemos que buscar las coincidencias, que buscar esa parte del proyecto m\u00e1s que de la situaci\u00f3n de los intereses\u201d. Sobre la posibilidad de buscar a Movimiento Ciudadano, aclar\u00f3 que la dirigencia nacional de ese partido ha dejado en claro que no est\u00e1n interesados en una coalici\u00f3n. El Instituto Electoral del Estado de M\u00e9xico (IEEM) abri\u00f3 un per\u00edodo entre el 14 de diciembre y el 14 de enero de 2023 para que los institutos pol\u00edticos registren ante el \u00f3rgano si es que competir\u00e1n con alguna coalici\u00f3n o no en la siguiente elecci\u00f3n en la que se disputar\u00e1 la gubernatura mexiquense.<\/p>\n","protected":false},"excerpt":{"rendered":"<p>S\u00e1bado, 3 de diciembre de 2022 \u201cNo me atrever\u00eda a adelantar todav\u00eda, pero estamos construyendo&#8230;<\/p>\n","protected":false},"author":3,"featured_media":53516,"comment_status":"closed","ping_status":"closed","sticky":false,"template":"","format":"standard","meta":{"footnotes":""},"categories":[4],"tags":[],"class_list":["post-53515","post","type-post","status-publish","format-standard","has-post-thumbnail","hentry","category-noticias-del-dia"],"_links":{"self":[{"href":"https:\/\/bambapolitica.com.mx\/index.php\/wp-json\/wp\/v2\/posts\/53515","targetHints":{"allow":["GET"]}}],"collection":[{"href":"https:\/\/bambapolitica.com.mx\/index.php\/wp-json\/wp\/v2\/posts"}],"about":[{"href":"https:\/\/bambapolitica.com.mx\/index.php\/wp-json\/wp\/v2\/types\/post"}],"author":[{"embeddable":true,"href":"https:\/\/bambapolitica.com.mx\/index.php\/wp-json\/wp\/v2\/users\/3"}],"replies":[{"embeddable":true,"href":"https:\/\/bambapolitica.com.mx\/index.php\/wp-json\/wp\/v2\/comments?post=53515"}],"version-history":[{"count":1,"href":"https:\/\/bambapolitica.com.mx\/index.php\/wp-json\/wp\/v2\/posts\/53515\/revisions"}],"predecessor-version":[{"id":53517,"href":"https:\/\/bambapolitica.com.mx\/index.php\/wp-json\/wp\/v2\/posts\/53515\/revisions\/53517"}],"wp:featuredmedia":[{"embeddable":true,"href":"https:\/\/bambapolitica.com.mx\/index.php\/wp-json\/wp\/v2\/media\/53516"}],"wp:attachment":[{"href":"https:\/\/bambapolitica.com.mx\/index.php\/wp-json\/wp\/v2\/media?parent=53515"}],"wp:term":[{"taxonomy":"category","embeddable":true,"href":"https:\/\/bambapolitica.com.mx\/index.php\/wp-json\/wp\/v2\/categories?post=53515"},{"taxonomy":"post_tag","embeddable":true,"href":"https:\/\/bambapolitica.com.mx\/index.php\/wp-json\/wp\/v2\/tags?post=53515"}],"curies":[{"name":"wp","href":"https:\/\/api.w.org\/{rel}","templated":true}]}}