{"id":53521,"date":"2022-12-03T10:19:00","date_gmt":"2022-12-03T16:19:00","guid":{"rendered":"http:\/\/bambapolitica.com.mx\/?p=53521"},"modified":"2022-12-01T10:20:46","modified_gmt":"2022-12-01T16:20:46","slug":"vinculan-a-proceso-a-cinco-personas-que-transportaban-ilegalmente-migrantes-en-edomex","status":"publish","type":"post","link":"https:\/\/bambapolitica.com.mx\/index.php\/2022\/12\/03\/vinculan-a-proceso-a-cinco-personas-que-transportaban-ilegalmente-migrantes-en-edomex\/","title":{"rendered":"Vinculan a proceso a cinco personas que transportaban ilegalmente migrantes en Edomex"},"content":{"rendered":"\n<p>Sabado, 3 de diciembre de 2022<\/p>\n\n\n\n<p>Los hechos ocurrieron el pasado 22 de noviembre en la carretera M\u00e9xico- Pachuca.<\/p>\n\n\n\n<p>Despu\u00e9s de la detenci\u00f3n de cinco personas, el pasado 22 de noviembre, por transportar 21 personas de nacionalidad extranjera la Fiscal\u00eda General de la Rep\u00fablica (FGR), a trav\u00e9s de la Fiscal\u00eda Especializada de Control Regional (FECOR), las vincul\u00f3 a proceso por su probable intervenci\u00f3n penal en el delito de violaci\u00f3n a la Ley de Migraci\u00f3n. Los hechos ocurrieron cuando elementos de seguridad p\u00fablica se encontraban en un operativo sobre la autopista M\u00e9xico \u2013 Pachuca, donde se percataron que en el interior de un cami\u00f3n transportaban 21 personas de nacionalidad extranjera, por lo que procedieron a detener a Juan \u201cH\u201d, Lorenzo \u201cE\u201d, Roberto \u201cR\u201d, Ra\u00fal \u201cH\u201d y Esteban \u201cG\u201d, adem\u00e1s de que aseguraron el cami\u00f3n, 11 bultos de ropa y tres tel\u00e9fonos celulares. Posteriormente, un juez federal vincul\u00f3 a proceso a estos hombres y les impuso como medida cautelar la prisi\u00f3n preventiva justificada; adem\u00e1s, estableci\u00f3 presentaci\u00f3n peri\u00f3dica cada dos meses en G\u00f3mez Palacios, Durango y fij\u00f3 un plazo de tres meses para la investigaci\u00f3n complementaria. Cabe recordar que los indocumentados eran procedentes de Honduras, Nicaragua y Cuba, y entre ellos, estaban cuatro menores de edad, que viajaban a bordo de un autob\u00fas de pasajeros.<\/p>\n","protected":false},"excerpt":{"rendered":"<p>Sabado, 3 de diciembre de 2022 Los hechos ocurrieron el pasado 22 de noviembre en&#8230;<\/p>\n","protected":false},"author":3,"featured_media":53522,"comment_status":"closed","ping_status":"closed","sticky":false,"template":"","format":"standard","meta":{"footnotes":""},"categories":[4],"tags":[],"class_list":["post-53521","post","type-post","status-publish","format-standard","has-post-thumbnail","hentry","category-noticias-del-dia"],"_links":{"self":[{"href":"https:\/\/bambapolitica.com.mx\/index.php\/wp-json\/wp\/v2\/posts\/53521","targetHints":{"allow":["GET"]}}],"collection":[{"href":"https:\/\/bambapolitica.com.mx\/index.php\/wp-json\/wp\/v2\/posts"}],"about":[{"href":"https:\/\/bambapolitica.com.mx\/index.php\/wp-json\/wp\/v2\/types\/post"}],"author":[{"embeddable":true,"href":"https:\/\/bambapolitica.com.mx\/index.php\/wp-json\/wp\/v2\/users\/3"}],"replies":[{"embeddable":true,"href":"https:\/\/bambapolitica.com.mx\/index.php\/wp-json\/wp\/v2\/comments?post=53521"}],"version-history":[{"count":1,"href":"https:\/\/bambapolitica.com.mx\/index.php\/wp-json\/wp\/v2\/posts\/53521\/revisions"}],"predecessor-version":[{"id":53523,"href":"https:\/\/bambapolitica.com.mx\/index.php\/wp-json\/wp\/v2\/posts\/53521\/revisions\/53523"}],"wp:featuredmedia":[{"embeddable":true,"href":"https:\/\/bambapolitica.com.mx\/index.php\/wp-json\/wp\/v2\/media\/53522"}],"wp:attachment":[{"href":"https:\/\/bambapolitica.com.mx\/index.php\/wp-json\/wp\/v2\/media?parent=53521"}],"wp:term":[{"taxonomy":"category","embeddable":true,"href":"https:\/\/bambapolitica.com.mx\/index.php\/wp-json\/wp\/v2\/categories?post=53521"},{"taxonomy":"post_tag","embeddable":true,"href":"https:\/\/bambapolitica.com.mx\/index.php\/wp-json\/wp\/v2\/tags?post=53521"}],"curies":[{"name":"wp","href":"https:\/\/api.w.org\/{rel}","templated":true}]}}