{"id":53527,"date":"2022-12-02T07:34:46","date_gmt":"2022-12-02T13:34:46","guid":{"rendered":"http:\/\/bambapolitica.com.mx\/?p=53527"},"modified":"2022-12-02T07:34:49","modified_gmt":"2022-12-02T13:34:49","slug":"trabajo-de-cuitlahuac-garcia-en-veracruz-es-excepcional-ejemplar-amlo","status":"publish","type":"post","link":"https:\/\/bambapolitica.com.mx\/index.php\/2022\/12\/02\/trabajo-de-cuitlahuac-garcia-en-veracruz-es-excepcional-ejemplar-amlo\/","title":{"rendered":"Trabajo de Cuitl\u00e1huac Garc\u00eda en Veracruz \u201ces excepcional, ejemplar\u201d: AMLO"},"content":{"rendered":"\n<p>viernes, 2 de diciembre de 2022<\/p>\n\n\n\n<p>El presidente L\u00f3pez Obrador calific\u00f3 el Gobierno de Cuitl\u00e1huac Garc\u00eda en Veracruz como \u201cexcepcional\u201d y \u201cejemplar\u201d<br>Andr\u00e9s Manuel L\u00f3pez Obrador, presidente de M\u00e9xico, reconoci\u00f3 el trabajo del gobernador de Veracruz, Cuitl\u00e1huac Garc\u00eda Jim\u00e9nez.<\/p>\n\n\n\n<p>En la conferencia matutina llevada a cabo en Veracruz, L\u00f3pez Obrador calific\u00f3 la Administraci\u00f3n de Garc\u00eda Jim\u00e9nez como \u201cexcepcional\u201d y un \u201cGobierno ejemplar\u201d.<\/p>\n\n\n\n<p>\u201cUnas pocas palabras acerca de la opini\u00f3n que tenemos del trabajo realizado por Cuitl\u00e1huac (Garc\u00eda), consideramos que es excepcional, que est\u00e1 haciendo un Gobierno ejemplar, sobre todo lo subrayo en lo que tiene que ver con la honestidad\u201d, expuso.<\/p>\n\n\n\n<p>El mandatario mexicano dej\u00f3 en claro que \u201cnada da\u00f1aba m\u00e1s a Veracruz que la deshonestidad de sus gobernantes\u201d.<\/p>\n\n\n\n<p>\u201cEso era lo que daba al traste con todo, era la causa principal de la desigualdad social, de que se fueran los veracruzanos a buscarse la vida a las ciudades fronterizas o a Estados Unidos, siendo Veracruz un estado con un gran potencial, es como una Rep\u00fablica. Sin embargo, por los malos gobiernos era un estado rico con pueblo pobre, ahora no\u201d, dijo.<\/p>\n\n\n\n<p>\u201cAhora tienen un buen gobernador, un hombre honesto y eso ayuda mucho, un buen gobierno depende de la honestidad. Si el gobernador es honrado y no permite la corrupci\u00f3n el presupuesto alcanza, rinde; si el gobernador es mediocre, ladr\u00f3n, el presupuesto nunca alcanza o nunca le llega la gente\u201d, declar\u00f3.<\/p>\n\n\n\n<p>Este viernes, el jefe del Ejecutivo federal mexicano anunci\u00f3 la rehabilitaci\u00f3n del edificio donde Benito Ju\u00e1rez firm\u00f3 las Leyes de Reforma, y que est\u00e1 bajo resguardo de Instituto Nacional de Antropolog\u00eda e Historia (INAH).<\/p>\n\n\n\n<p>\u201cQuiero aprovechar, tambi\u00e9n, para informar al pueblo veracruzano que se va a rehabilitar el edificio donde el presidente Ju\u00e1rez firm\u00f3 las Leyes de Reforma, es un edificio que est\u00e1 en custodia del INAH, pero en el abandono, y lo vamos a rehabilitar y vamos a seguir recordando la importancia de nuestra historia y en especial la historia de Veracruz\u201d, enfatiz\u00f3.<\/p>\n","protected":false},"excerpt":{"rendered":"<p>viernes, 2 de diciembre de 2022 El presidente L\u00f3pez Obrador calific\u00f3 el Gobierno de Cuitl\u00e1huac&#8230;<\/p>\n","protected":false},"author":3,"featured_media":53528,"comment_status":"closed","ping_status":"closed","sticky":false,"template":"","format":"standard","meta":{"footnotes":""},"categories":[4],"tags":[],"class_list":["post-53527","post","type-post","status-publish","format-standard","has-post-thumbnail","hentry","category-noticias-del-dia"],"_links":{"self":[{"href":"https:\/\/bambapolitica.com.mx\/index.php\/wp-json\/wp\/v2\/posts\/53527","targetHints":{"allow":["GET"]}}],"collection":[{"href":"https:\/\/bambapolitica.com.mx\/index.php\/wp-json\/wp\/v2\/posts"}],"about":[{"href":"https:\/\/bambapolitica.com.mx\/index.php\/wp-json\/wp\/v2\/types\/post"}],"author":[{"embeddable":true,"href":"https:\/\/bambapolitica.com.mx\/index.php\/wp-json\/wp\/v2\/users\/3"}],"replies":[{"embeddable":true,"href":"https:\/\/bambapolitica.com.mx\/index.php\/wp-json\/wp\/v2\/comments?post=53527"}],"version-history":[{"count":1,"href":"https:\/\/bambapolitica.com.mx\/index.php\/wp-json\/wp\/v2\/posts\/53527\/revisions"}],"predecessor-version":[{"id":53529,"href":"https:\/\/bambapolitica.com.mx\/index.php\/wp-json\/wp\/v2\/posts\/53527\/revisions\/53529"}],"wp:featuredmedia":[{"embeddable":true,"href":"https:\/\/bambapolitica.com.mx\/index.php\/wp-json\/wp\/v2\/media\/53528"}],"wp:attachment":[{"href":"https:\/\/bambapolitica.com.mx\/index.php\/wp-json\/wp\/v2\/media?parent=53527"}],"wp:term":[{"taxonomy":"category","embeddable":true,"href":"https:\/\/bambapolitica.com.mx\/index.php\/wp-json\/wp\/v2\/categories?post=53527"},{"taxonomy":"post_tag","embeddable":true,"href":"https:\/\/bambapolitica.com.mx\/index.php\/wp-json\/wp\/v2\/tags?post=53527"}],"curies":[{"name":"wp","href":"https:\/\/api.w.org\/{rel}","templated":true}]}}