{"id":53530,"date":"2022-12-02T07:37:09","date_gmt":"2022-12-02T13:37:09","guid":{"rendered":"http:\/\/bambapolitica.com.mx\/?p=53530"},"modified":"2022-12-02T07:37:11","modified_gmt":"2022-12-02T13:37:11","slug":"que-presenten-pruebas-amlo-sobre-denuncias-de-acarreo-en-marcha-27n","status":"publish","type":"post","link":"https:\/\/bambapolitica.com.mx\/index.php\/2022\/12\/02\/que-presenten-pruebas-amlo-sobre-denuncias-de-acarreo-en-marcha-27n\/","title":{"rendered":"\u201cQue presenten pruebas\u201d: AMLO sobre denuncias de acarreo en marcha 27N"},"content":{"rendered":"\n<p>viernes, 2 de diciembre de 2022<\/p>\n\n\n\n<p>Tras la denuncia por la marcha del 27N, L\u00f3pez Obrador dijo que la oposici\u00f3n no ha podido, en los \u00faltimos cuatro a\u00f1os, \u201clevantar el vuelo\u201d<\/p>\n\n\n\n<p>Tras la denuncia por la marcha del 27N, L\u00f3pez Obrador dijo que la oposici\u00f3n no ha podido, en los \u00faltimos cuatro a\u00f1os, \u201clevantar el vuelo\u201d<\/p>\n\n\n\n<p>El presidente Andr\u00e9s Manuel L\u00f3pez Obrador \u201cret\u00f3\u201d a la oposici\u00f3n para que presenten pruebas e interpongan denuncias de presunto acarreo durante la marcha del pasado domingo 27 de noviembre en la Ciudad de M\u00e9xico<\/p>\n\n\n\n<p>En la conferencia matutina llevada a cabo en el estado de Veracruz, L\u00f3pez Obrador dej\u00f3 en claro que no han podido, en los \u00faltimos cuatro, \u201clevantar el vuelo\u201d, adem\u00e1s de no defender las \u201ccausas justas\u201d del pueblo de M\u00e9xico.<\/p>\n\n\n\n<p>\u201cEst\u00e1n en su papel, es una Oposici\u00f3n que no ha podido levantar el vuelo porque no defienden causas justas. Hace un momento recordaba a Ju\u00e1rez y \u00e9l ten\u00eda una frase que aplica en estos tiempos, dec\u00eda \u2018el triunfo de la reacci\u00f3n es moralmente imposible&#8217;\u201d, argument\u00f3.<\/p>\n\n\n\n<p>\u201cNo hacen m\u00e1s que denunciar y criticar y cuestionar e insultar, pero no hay imaginaci\u00f3n, no hay talento, como no tienen convicciones porque para hacer pol\u00edtica se necesita tenerle amor al pueblo y ellos son simuladores, por eso no han podido y nos acusan de todo\u201d, dijo<\/p>\n\n\n\n<p>\u201cDe todo es una denuncia, que presenten las pruebas. Yo tengo el tribunal de mi consciencia que es el que me preocupa, si hace uno algo malo y si se tiene consciencia no puede uno estar tranquilo. No es nada importante, ni llega a ser an\u00e9cdota, es parte de la desesperaci\u00f3n y tambi\u00e9n tiene que ver con los medios, no con todos, pero esto lo vuelven gran noticia nada m\u00e1s que ya no funci\u00f3n a y hay que ser respetuosos tambi\u00e9n, que haya cr\u00edtica\u201d, agreg\u00f3.<\/p>\n\n\n\n<p>Legisladores de Oposici\u00f3n presentaron una denuncia ante el INE contra el presidente L\u00f3pez Obrador y otros funcionarios por por diversas ilegalidades en la pasada marcha del domingo 27 de noviembre, en la cual se estima se participaron 1.2 millones de personas.<\/p>\n\n\n\n<p>Tambi\u00e9n se denuncia a Ad\u00e1n Augusto L\u00f3pez, secretario de Gobernaci\u00f3n (Segob); Marcelo Ebrard, secretario de Relaciones Exteriores (SRE) y Claudia Sheinbaum, jefa de Gobierno de la Ciudad de M\u00e9xico.<\/p>\n\n\n\n<p>Se detall\u00f3 que en dicho evento se \u201cusaron recursos p\u00fablicos para la promoci\u00f3n de la marcha, para el acarreo de personas, para pago de alimentaci\u00f3n y por asistir al evento; as\u00ed como coacci\u00f3n con la p\u00e9rdida del empleo, cargo o comisi\u00f3n en caso de no asistir o la perdida de alg\u00fan programa social. Igualmente, prometieron la inscripci\u00f3n a alg\u00fan programa social en caso de asistir y desplegaron ilegalmente propaganda personalizada e inclusive, tuvieron el descaro de utilizar el padr\u00f3n de beneficiarios de programas sociales para hacer pase de asistencia de las personas que acudieron\u201d.<\/p>\n\n\n\n<p>\u201cEn un Estado de Derecho, no se pueden violar las reglas b\u00e1sicas que rigen a la democracia. El presidente de la Rep\u00fablica y Morena est\u00e1n tratando desesperadamente de posicionar a su gobierno y a sus aspirantes a la Presidencia de la Rep\u00fablica, pero no lo vamos a permitir. Por ello, hoy presentamos ante la autoridad electoral esta queja y solicitamos se emitan las medidas cautelares respectivas para que se abstengan de volver a incurrir en actos similares a los denunciados\u201d, indic\u00f3.<\/p>\n\n\n\n<p>Dicha queja se acompa\u00f1\u00f3, entre otras pruebas, con fotos y videos que hicieron llegar distintos ciudadanos a trav\u00e9s de las redes sociales, los cuales constatan que existieron conductas il\u00edcitas en la realizaci\u00f3n de dicho evento.<\/p>\n","protected":false},"excerpt":{"rendered":"<p>viernes, 2 de diciembre de 2022 Tras la denuncia por la marcha del 27N, L\u00f3pez&#8230;<\/p>\n","protected":false},"author":3,"featured_media":53531,"comment_status":"closed","ping_status":"closed","sticky":false,"template":"","format":"standard","meta":{"footnotes":""},"categories":[4],"tags":[],"class_list":["post-53530","post","type-post","status-publish","format-standard","has-post-thumbnail","hentry","category-noticias-del-dia"],"_links":{"self":[{"href":"https:\/\/bambapolitica.com.mx\/index.php\/wp-json\/wp\/v2\/posts\/53530","targetHints":{"allow":["GET"]}}],"collection":[{"href":"https:\/\/bambapolitica.com.mx\/index.php\/wp-json\/wp\/v2\/posts"}],"about":[{"href":"https:\/\/bambapolitica.com.mx\/index.php\/wp-json\/wp\/v2\/types\/post"}],"author":[{"embeddable":true,"href":"https:\/\/bambapolitica.com.mx\/index.php\/wp-json\/wp\/v2\/users\/3"}],"replies":[{"embeddable":true,"href":"https:\/\/bambapolitica.com.mx\/index.php\/wp-json\/wp\/v2\/comments?post=53530"}],"version-history":[{"count":1,"href":"https:\/\/bambapolitica.com.mx\/index.php\/wp-json\/wp\/v2\/posts\/53530\/revisions"}],"predecessor-version":[{"id":53532,"href":"https:\/\/bambapolitica.com.mx\/index.php\/wp-json\/wp\/v2\/posts\/53530\/revisions\/53532"}],"wp:featuredmedia":[{"embeddable":true,"href":"https:\/\/bambapolitica.com.mx\/index.php\/wp-json\/wp\/v2\/media\/53531"}],"wp:attachment":[{"href":"https:\/\/bambapolitica.com.mx\/index.php\/wp-json\/wp\/v2\/media?parent=53530"}],"wp:term":[{"taxonomy":"category","embeddable":true,"href":"https:\/\/bambapolitica.com.mx\/index.php\/wp-json\/wp\/v2\/categories?post=53530"},{"taxonomy":"post_tag","embeddable":true,"href":"https:\/\/bambapolitica.com.mx\/index.php\/wp-json\/wp\/v2\/tags?post=53530"}],"curies":[{"name":"wp","href":"https:\/\/api.w.org\/{rel}","templated":true}]}}