{"id":53533,"date":"2022-12-02T07:43:28","date_gmt":"2022-12-02T13:43:28","guid":{"rendered":"http:\/\/bambapolitica.com.mx\/?p=53533"},"modified":"2022-12-02T07:43:31","modified_gmt":"2022-12-02T13:43:31","slug":"mexico-recupera-223-piezas-arqueologicas-tras-colaboracion-con-paises-bajos","status":"publish","type":"post","link":"https:\/\/bambapolitica.com.mx\/index.php\/2022\/12\/02\/mexico-recupera-223-piezas-arqueologicas-tras-colaboracion-con-paises-bajos\/","title":{"rendered":"M\u00e9xico recupera 223 piezas arqueol\u00f3gicas tras colaboraci\u00f3n con Pa\u00edses Bajos"},"content":{"rendered":"\n<p>viernes, 2 de diciembre de 2022<\/p>\n\n\n\n<p>Las piezas forman parte del patrimonio arqueol\u00f3gico de nuestro pa\u00eds de conformidad con la Ley Federal sobre Monumentos y Zonas Arqueol\u00f3gicos, Art\u00edsticos e Hist\u00f3ricos<br>Las piezas forman parte del patrimonio arqueol\u00f3gico de nuestro pa\u00eds de conformidad con la Ley Federal sobre Monumentos y Zonas Arqueol\u00f3gicos, Art\u00edsticos e Hist\u00f3ricos<br>M\u00e9xico repatri\u00f3 un total de 223 piezas arqueol\u00f3gicas recuperadas por la embajada del pa\u00eds en Pa\u00edses Bajos, inform\u00f3 la Secretar\u00eda de Cultura.<\/p>\n\n\n\n<p>En un comunicado, la dependencia indic\u00f3 que la Secretar\u00eda de Relaciones Exteriores (SRE) de M\u00e9xico le entreg\u00f3 este viernes las piezas, a trav\u00e9s del Instituto Nacional de Antropolog\u00eda e Historia (INAH).<br>El dictamen, precisamente realizado por especialistas del INAH, confirm\u00f3 que se trata de \u201cpiezas prehisp\u00e1nicas pertenecientes a diferentes culturas, provenientes del occidente, Altiplano Central, Golfo de M\u00e9xico y regi\u00f3n sureste y su elaboraci\u00f3n va del periodo Precl\u00e1sico Mesoamericano (1200 a.C.-400 a.C.) al periodo Poscl\u00e1sico (800 d.C. a 1,521 d.C.)\u201d.<\/p>\n\n\n\n<p>Cultura de M\u00e9xico dijo que las piezas forman parte del patrimonio arqueol\u00f3gico de nuestro pa\u00eds de conformidad con la Ley Federal sobre Monumentos y Zonas Arqueol\u00f3gicos, Art\u00edsticos e Hist\u00f3ricos.<\/p>\n\n\n\n<p>En la ceremonia de entrega, el director general para Europa de la Canciller\u00eda, Bernardo Aguilar, expres\u00f3 el profundo agradecimiento del Gobierno de M\u00e9xico por este acto de colaboraci\u00f3n y amistad a la embajadora adjunta del Reino de los Pa\u00edses Bajos en M\u00e9xico, Anne Le Guellec.<\/p>\n\n\n\n<p>Igualmente, el consultor jur\u00eddico adjunto de la SRE, Salvador Tinajero, calific\u00f3 de invaluable el apoyo que otorg\u00f3 el Gobierno de los Pa\u00edses Bajos al combate del tr\u00e1fico il\u00edcito de objetos arqueol\u00f3gicos y culturales.<\/p>\n\n\n\n<p>Adem\u00e1s de las medidas que deben adoptarse para prohibir e impedir la importaci\u00f3n, exportaci\u00f3n y transferencias il\u00edcitas de bienes culturales.<\/p>\n\n\n\n<p>En su turno, la embajadora adjunta Anne Le Guellec hizo referencia a la tendencia positiva en las pr\u00e1cticas internacionales que abordan la restituci\u00f3n de objetos culturales y patrimoniales a sus comunidades de origen, bas\u00e1ndose en el respeto, la \u00e9tica y la protecci\u00f3n de sus leg\u00edtimos derechos humanos.<\/p>\n\n\n\n<p>En la nota se apunt\u00f3 que la restituci\u00f3n de estos bienes muebles constituye una muestra de la activa cooperaci\u00f3n entre el Gobierno de M\u00e9xico y el Reino de los Pa\u00edses Bajos en materia de protecci\u00f3n de bienes culturales, as\u00ed como una apuesta porque los legados hist\u00f3ricos y culturales retornen a sus lugares de origen.<\/p>\n\n\n\n<p>La Secretar\u00eda de Cultura de M\u00e9xico dijo que los bienes repatriados ya est\u00e1n bajo resguardo del INAH para su debido an\u00e1lisis, cuidado, conservaci\u00f3n y difusi\u00f3n y \u201cson testimonios de los pueblos que los elaboraron y utilizaron\u201d.<\/p>\n\n\n\n<p>En lo que va de la Administraci\u00f3n de Andr\u00e9s Manuel L\u00f3pez Obrador, el Gobierno mexicano ha recuperado del extranjero alrededor de 9 mil piezas que considera patrimonio nacional, pues el presidente ha priorizado esta acci\u00f3n desde que asumi\u00f3 en diciembre de 2018.<\/p>\n\n\n\n<p>Aunque no siempre con \u00e9xito, el Gobierno ha combatido subastas en ciudades como Nueva York, Par\u00eds y Roma en las que aparecen objetos robados o que pertenecen al patrimonio de M\u00e9xico y han intensificado demandas ante Gobiernos extranjeros para recuperar piezas arqueol\u00f3gicas y art\u00edsticas.<\/p>\n","protected":false},"excerpt":{"rendered":"<p>viernes, 2 de diciembre de 2022 Las piezas forman parte del patrimonio arqueol\u00f3gico de nuestro&#8230;<\/p>\n","protected":false},"author":3,"featured_media":53534,"comment_status":"closed","ping_status":"closed","sticky":false,"template":"","format":"standard","meta":{"footnotes":""},"categories":[4],"tags":[],"class_list":["post-53533","post","type-post","status-publish","format-standard","has-post-thumbnail","hentry","category-noticias-del-dia"],"_links":{"self":[{"href":"https:\/\/bambapolitica.com.mx\/index.php\/wp-json\/wp\/v2\/posts\/53533","targetHints":{"allow":["GET"]}}],"collection":[{"href":"https:\/\/bambapolitica.com.mx\/index.php\/wp-json\/wp\/v2\/posts"}],"about":[{"href":"https:\/\/bambapolitica.com.mx\/index.php\/wp-json\/wp\/v2\/types\/post"}],"author":[{"embeddable":true,"href":"https:\/\/bambapolitica.com.mx\/index.php\/wp-json\/wp\/v2\/users\/3"}],"replies":[{"embeddable":true,"href":"https:\/\/bambapolitica.com.mx\/index.php\/wp-json\/wp\/v2\/comments?post=53533"}],"version-history":[{"count":1,"href":"https:\/\/bambapolitica.com.mx\/index.php\/wp-json\/wp\/v2\/posts\/53533\/revisions"}],"predecessor-version":[{"id":53535,"href":"https:\/\/bambapolitica.com.mx\/index.php\/wp-json\/wp\/v2\/posts\/53533\/revisions\/53535"}],"wp:featuredmedia":[{"embeddable":true,"href":"https:\/\/bambapolitica.com.mx\/index.php\/wp-json\/wp\/v2\/media\/53534"}],"wp:attachment":[{"href":"https:\/\/bambapolitica.com.mx\/index.php\/wp-json\/wp\/v2\/media?parent=53533"}],"wp:term":[{"taxonomy":"category","embeddable":true,"href":"https:\/\/bambapolitica.com.mx\/index.php\/wp-json\/wp\/v2\/categories?post=53533"},{"taxonomy":"post_tag","embeddable":true,"href":"https:\/\/bambapolitica.com.mx\/index.php\/wp-json\/wp\/v2\/tags?post=53533"}],"curies":[{"name":"wp","href":"https:\/\/api.w.org\/{rel}","templated":true}]}}