{"id":53551,"date":"2022-12-02T08:23:25","date_gmt":"2022-12-02T14:23:25","guid":{"rendered":"http:\/\/bambapolitica.com.mx\/?p=53551"},"modified":"2022-12-02T08:23:27","modified_gmt":"2022-12-02T14:23:27","slug":"designa-pri-estructura-para-el-edomex","status":"publish","type":"post","link":"https:\/\/bambapolitica.com.mx\/index.php\/2022\/12\/02\/designa-pri-estructura-para-el-edomex\/","title":{"rendered":"Designa PRI estructura para el Edomex"},"content":{"rendered":"\n<p>viernes, 2 de diciembre de 2022<\/p>\n\n\n\n<p>Se integra por hombres y mujeres con experiencia, capacidad.<\/p>\n\n\n\n<p><br>El presidente del Comit\u00e9 Directivo Estatal del PRI, Eric Sevilla, y la coordinadora por la Defensa del Estado de M\u00e9xico, Alejandra del Moral, presentaron la estructura operativa que dar\u00e1 eficacia pol\u00edtica y territorial a la defensa de la entidad mexiquense.<\/p>\n\n\n\n<p>Indicaron que se integra por hombres y mujeres con experiencia, capacidad, \u201cque han recorrido el Estado de M\u00e9xico y que dan resultados, quienes han enfrentando la adversidad y han salido adelante, dispuestos a dar la vida por su Estado\u201d.<\/p>\n\n\n\n<p>\u201cEn mi calidad de coordinadora por la Defensa del Estado de M\u00e9xico, he invitado a muchas personas destacadas en todos los \u00e1mbitos de la vida de nuestra entidad, quienes tienen ideas, experiencia y trabajo para aportar. Este equipo representa a todos los sectores de la sociedad: mujeres, j\u00f3venes, empresarios, trabajadores, productores, comerciantes, maestros, deportistas, transportistas\u201d, se\u00f1al\u00f3 Del Moral.<\/p>\n\n\n\n<p>\u201cTrabajaremos con un \u00e9nfasis muy importante en la sociedad civil, con la representaci\u00f3n de cada persona sumada a este proyecto; vamos a defender cada rinc\u00f3n del Estado de M\u00e9xico\u201d, enfatiz\u00f3 Del Moral Vela ante l\u00edderes priistas y diputados locales y federales del tricolor.<\/p>\n\n\n\n<p>\u201cLos priistas hemos logrado construir un legado que nos coloca como una entidad relevante para todo el pa\u00eds e indispensable para el crecimiento de M\u00e9xico\u201d, subray\u00f3.<\/p>\n","protected":false},"excerpt":{"rendered":"<p>viernes, 2 de diciembre de 2022 Se integra por hombres y mujeres con experiencia, capacidad&#8230;.<\/p>\n","protected":false},"author":3,"featured_media":53552,"comment_status":"closed","ping_status":"closed","sticky":false,"template":"","format":"standard","meta":{"footnotes":""},"categories":[4],"tags":[],"class_list":["post-53551","post","type-post","status-publish","format-standard","has-post-thumbnail","hentry","category-noticias-del-dia"],"_links":{"self":[{"href":"https:\/\/bambapolitica.com.mx\/index.php\/wp-json\/wp\/v2\/posts\/53551","targetHints":{"allow":["GET"]}}],"collection":[{"href":"https:\/\/bambapolitica.com.mx\/index.php\/wp-json\/wp\/v2\/posts"}],"about":[{"href":"https:\/\/bambapolitica.com.mx\/index.php\/wp-json\/wp\/v2\/types\/post"}],"author":[{"embeddable":true,"href":"https:\/\/bambapolitica.com.mx\/index.php\/wp-json\/wp\/v2\/users\/3"}],"replies":[{"embeddable":true,"href":"https:\/\/bambapolitica.com.mx\/index.php\/wp-json\/wp\/v2\/comments?post=53551"}],"version-history":[{"count":1,"href":"https:\/\/bambapolitica.com.mx\/index.php\/wp-json\/wp\/v2\/posts\/53551\/revisions"}],"predecessor-version":[{"id":53553,"href":"https:\/\/bambapolitica.com.mx\/index.php\/wp-json\/wp\/v2\/posts\/53551\/revisions\/53553"}],"wp:featuredmedia":[{"embeddable":true,"href":"https:\/\/bambapolitica.com.mx\/index.php\/wp-json\/wp\/v2\/media\/53552"}],"wp:attachment":[{"href":"https:\/\/bambapolitica.com.mx\/index.php\/wp-json\/wp\/v2\/media?parent=53551"}],"wp:term":[{"taxonomy":"category","embeddable":true,"href":"https:\/\/bambapolitica.com.mx\/index.php\/wp-json\/wp\/v2\/categories?post=53551"},{"taxonomy":"post_tag","embeddable":true,"href":"https:\/\/bambapolitica.com.mx\/index.php\/wp-json\/wp\/v2\/tags?post=53551"}],"curies":[{"name":"wp","href":"https:\/\/api.w.org\/{rel}","templated":true}]}}