{"id":53560,"date":"2022-12-03T08:40:00","date_gmt":"2022-12-03T14:40:00","guid":{"rendered":"http:\/\/bambapolitica.com.mx\/?p=53560"},"modified":"2022-12-02T08:41:24","modified_gmt":"2022-12-02T14:41:24","slug":"alejandra-del-moral-presenta-a-su-equipo-del-pri-en-edomex-rumbo-a-elecciones-2023","status":"publish","type":"post","link":"https:\/\/bambapolitica.com.mx\/index.php\/2022\/12\/03\/alejandra-del-moral-presenta-a-su-equipo-del-pri-en-edomex-rumbo-a-elecciones-2023\/","title":{"rendered":"Alejandra del Moral presenta a su equipo del PRI en Edomex rumbo a elecciones 2023"},"content":{"rendered":"\n<p>Sabado, 3 de diciembre de 2022<\/p>\n\n\n\n<p>Hace casi tres meses se cre\u00f3 la Comisi\u00f3n por la Defensa del Estado de M\u00e9xico, teniendo entre sus tareas promover la unidad y el trabajo conjunto de los priistas.<\/p>\n\n\n\n<p><br>El presidente del Comit\u00e9 Directivo Estatal (CDE) del Partido Revolucionario Institucional (PRI), Eric Sevilla Montes de Oca, y la coordinadora por la Defensa del Estado de M\u00e9xico, Alejandra del Moral Vela, presentaron a la Estructura Operativa por la Defensa del estado conformada por priistas con una amplia carrera pol\u00edtica, entre los que destacan: Alejandro Ozuna Rivero, Aar\u00f3n Urbina Bedolla, Gustavo C\u00e1rdenas, Cruz Juvenal Roa y Jos\u00e9 Manzur Quiroga. En el marco de esta presentaci\u00f3n, el l\u00edder estatal del PRI, Eric Sevilla, resalt\u00f3 que hace casi tres meses se cre\u00f3 la Comisi\u00f3n por la Defensa del Estado de M\u00e9xico, teniendo entre sus tareas promover la unidad y el trabajo conjunto de los priistas, \u201crecorrer las calles, las colonias, para escuchar el sentir de los mexiquenses, formular proyectos que respondan a sus causas\u201d.<br>Este primero de diciembre se presenta dicha estructura, creando nuevas coordinaciones para dar \u201cmayor operatividad y eficacia pol\u00edtica\u201d al PRI mexiquense. \u201cNuestro estado es pilar de la Rep\u00fablica y merece ser defendido de la ocurrencia, la improvisaci\u00f3n y el autoritarismo, los mexiquenses no queremos pr\u00e1cticas a\u00f1ejas y regresivas que destruyan lo que hemos construido por d\u00e9cadas, no queremos que nos alcance una pol\u00edtica basada en el enga\u00f1o y la polarizaci\u00f3n, no deseamos distracciones a la hora de resolver problemas urgentes, el priismo mexiquense busca construir sobre el progreso y cumplir el deseo de tener un mejor estado para nuestros hijos\u201d. Vamos a defender la seguridad de las familias: Eric Sevilla Se\u00f1al\u00f3 que en la entidad se genera el 10 por ciento de la riqueza nacional, operando los sistemas de educaci\u00f3n y salud las grandes del pa\u00eds, 4.7 millones de estudiantes y m\u00e1s de mil 800 unidades m\u00e9dicas, adem\u00e1s de la red carretera m\u00e1s extensa de M\u00e9xico, con m\u00e1s de 15 mil kil\u00f3metros, operando programas que garantizan los derechos sociales y priorizan la atenci\u00f3n de las mujeres. Resalt\u00f3 que en la entidad se tiene gobernabilidad democr\u00e1tica y un respeto por la ley y las instituciones, adem\u00e1s de ser el estado \u201cde los cambios, del progreso y de los resultados\u201d. El futuro de M\u00e9xico pasa por el Estado de M\u00e9xico: Del Moral En presencia de Carolina Monroy, as\u00ed como otros priistas con una amplia carrera pol\u00edtica, la coordinadora por la Defensa del Estado de M\u00e9xico, Alejandra del Moral Vela, resalt\u00f3 que a quienes integran esta estructura los caracterizan \u201csus logros y sus resultados\u201d, integr\u00e1ndose a la defensa de la entidad, cuidando los avances \u201cque hemos logrado como estado y como sociedad; las instituciones y los programas que hemos creado han sido referente en todo el pa\u00eds\u201d. \u201cEl futuro de M\u00e9xico pasa por el Estado de M\u00e9xico y ese es el compromiso que tenemos, en todo momento, queremos poner por delante el beneficio y el bienestar de las familias\u201d. Integrantes Este equipo, a\u00f1adi\u00f3, representa a todos los sectores de la sociedad y trabajar\u00e1n con un \u00e9nfasis en la sociedad civil. \u201cVamos a defender cada rinc\u00f3n del Estado de M\u00e9xico. Este equipo trabaja de manera articulada con el liderazgo del coordinador de Planeaci\u00f3n Estrat\u00e9gica, Alejandro Ozuna Rivero\u201d.<br>Se tendr\u00e1n adem\u00e1s 11 coordinadores territoriales, entre ellos: Tanya Rellstab Carreto, en la regi\u00f3n Valle de Bravo-Tejupilco; Alma Aquiles, en la regi\u00f3n Volcanes; Ricardo Enr\u00edquez, en La Paz; Aar\u00f3n Urbina Bedolla, en Nezahualc\u00f3yotl; Eduardo Bernal, en Zumpango; Gustavo C\u00e1rdenas en Atlacomulco; Ra\u00fal Dom\u00ednguez Rex, en Ecatepec; Cruz Juvenal Roa en Ixtapan de la Sal; H\u00e9ctor Jim\u00e9nez, en Naucalpan y Jos\u00e9 Manzur Quiroga, como Coordinador de Operaci\u00f3n Pol\u00edtica. Coalici\u00f3n En este marco, subray\u00f3 que se seguir\u00e1 trabajando en la consolidaci\u00f3n de una alianza amplia, plural y abierta, que no s\u00f3lo incluya a los partidos aliados Acci\u00f3n Nacional (PAN) y el de la Revoluci\u00f3n Democr\u00e1tica (PRD), tambi\u00e9n queremos una alianza con la sociedad civil organizada, sentando las bases \u201cdel primer gobierno de coalici\u00f3n en la historia del Estado de M\u00e9xico\u201d.<\/p>\n","protected":false},"excerpt":{"rendered":"<p>Sabado, 3 de diciembre de 2022 Hace casi tres meses se cre\u00f3 la Comisi\u00f3n por&#8230;<\/p>\n","protected":false},"author":3,"featured_media":53561,"comment_status":"closed","ping_status":"closed","sticky":false,"template":"","format":"standard","meta":{"footnotes":""},"categories":[4],"tags":[],"class_list":["post-53560","post","type-post","status-publish","format-standard","has-post-thumbnail","hentry","category-noticias-del-dia"],"_links":{"self":[{"href":"https:\/\/bambapolitica.com.mx\/index.php\/wp-json\/wp\/v2\/posts\/53560","targetHints":{"allow":["GET"]}}],"collection":[{"href":"https:\/\/bambapolitica.com.mx\/index.php\/wp-json\/wp\/v2\/posts"}],"about":[{"href":"https:\/\/bambapolitica.com.mx\/index.php\/wp-json\/wp\/v2\/types\/post"}],"author":[{"embeddable":true,"href":"https:\/\/bambapolitica.com.mx\/index.php\/wp-json\/wp\/v2\/users\/3"}],"replies":[{"embeddable":true,"href":"https:\/\/bambapolitica.com.mx\/index.php\/wp-json\/wp\/v2\/comments?post=53560"}],"version-history":[{"count":1,"href":"https:\/\/bambapolitica.com.mx\/index.php\/wp-json\/wp\/v2\/posts\/53560\/revisions"}],"predecessor-version":[{"id":53562,"href":"https:\/\/bambapolitica.com.mx\/index.php\/wp-json\/wp\/v2\/posts\/53560\/revisions\/53562"}],"wp:featuredmedia":[{"embeddable":true,"href":"https:\/\/bambapolitica.com.mx\/index.php\/wp-json\/wp\/v2\/media\/53561"}],"wp:attachment":[{"href":"https:\/\/bambapolitica.com.mx\/index.php\/wp-json\/wp\/v2\/media?parent=53560"}],"wp:term":[{"taxonomy":"category","embeddable":true,"href":"https:\/\/bambapolitica.com.mx\/index.php\/wp-json\/wp\/v2\/categories?post=53560"},{"taxonomy":"post_tag","embeddable":true,"href":"https:\/\/bambapolitica.com.mx\/index.php\/wp-json\/wp\/v2\/tags?post=53560"}],"curies":[{"name":"wp","href":"https:\/\/api.w.org\/{rel}","templated":true}]}}