{"id":53566,"date":"2022-12-03T08:52:00","date_gmt":"2022-12-03T14:52:00","guid":{"rendered":"http:\/\/bambapolitica.com.mx\/?p=53566"},"modified":"2022-12-02T08:54:08","modified_gmt":"2022-12-02T14:54:08","slug":"ricardo-monreal-se-quedara-en-morena-y-apostara-a-la-reconciliacion-nacional","status":"publish","type":"post","link":"https:\/\/bambapolitica.com.mx\/index.php\/2022\/12\/03\/ricardo-monreal-se-quedara-en-morena-y-apostara-a-la-reconciliacion-nacional\/","title":{"rendered":"Ricardo Monreal se quedar\u00e1 en Morena y apostar\u00e1 a la reconciliaci\u00f3n nacional"},"content":{"rendered":"\n<p>Sabado, 3 de diciembre de 2022<\/p>\n\n\n\n<p>Ricardo Monreal se describi\u00f3 como \u201cun rebelde con causa\u201d dentro de Morena al apostar a la reconciliaci\u00f3n nacional<br>Ricardo Monreal decidi\u00f3 quedarse en Morena, despu\u00e9s de presumir que definir\u00eda su futuro pol\u00edtico ante los ataques que ha recibido por parte de morenistas y por no ser tomadas en cuenta sus aspiraciones presidenciales, mismas que reiter\u00f3.<\/p>\n\n\n\n<p>Soy fundador de Morena, soy militante de Morena y soy aspirante a la Presidencia de la Rep\u00fablica\u201d, sentenci\u00f3.<\/p>\n\n\n\n<p>El senador refiri\u00f3 que su causa pol\u00edtica y personal es la reconciliaci\u00f3n nacional, de ah\u00ed que hace un llamado incluyente para que haya menos encono, polarizaci\u00f3n y presi\u00f3n social dentro de Morena.<br>Subray\u00f3 que \u00e9l es fundador del partido y que siempre ha cumplido con su labor legislativa para sacar adelante las reformas del presidente Andr\u00e9s Manuel L\u00f3pez Obrador.<\/p>\n\n\n\n<p>Yo no estoy luchando contra el partido, m\u00e1s bien lucho porque las decisiones del partido se democraticen. Yo no voy a luchar contra los militantes del partido\u2026 Quiz\u00e1 mi osad\u00eda sea haber dicho que quiero suceder al presidente de la Rep\u00fablica porque me siento con la capacidad y el talento, la experiencia acumulada de continuar profundizando la v\u00eda democr\u00e1tica del pa\u00eds y continuar el cambio de r\u00e9gimen\u201d, dijo a medios de comunicaci\u00f3n.<\/p>\n\n\n\n<p>Monreal \u00c1vila asegur\u00f3 que no ha hecho nada indebido toda vez que se ha dedicado a respetar los principios, tener voz propia y opini\u00f3n aut\u00f3noma, adem\u00e1s de tener criterio basado en la racionalidad.<\/p>\n\n\n\n<p>No le falto el respeto a nadie por pensar de esa manera, estoy luchando. Y le pido a la militancia no haga caso de este clima de hostilidad, porque no lo merezco.\u201d<\/p>\n","protected":false},"excerpt":{"rendered":"<p>Sabado, 3 de diciembre de 2022 Ricardo Monreal se describi\u00f3 como \u201cun rebelde con causa\u201d&#8230;<\/p>\n","protected":false},"author":3,"featured_media":53567,"comment_status":"closed","ping_status":"closed","sticky":false,"template":"","format":"standard","meta":{"footnotes":""},"categories":[4],"tags":[],"class_list":["post-53566","post","type-post","status-publish","format-standard","has-post-thumbnail","hentry","category-noticias-del-dia"],"_links":{"self":[{"href":"https:\/\/bambapolitica.com.mx\/index.php\/wp-json\/wp\/v2\/posts\/53566","targetHints":{"allow":["GET"]}}],"collection":[{"href":"https:\/\/bambapolitica.com.mx\/index.php\/wp-json\/wp\/v2\/posts"}],"about":[{"href":"https:\/\/bambapolitica.com.mx\/index.php\/wp-json\/wp\/v2\/types\/post"}],"author":[{"embeddable":true,"href":"https:\/\/bambapolitica.com.mx\/index.php\/wp-json\/wp\/v2\/users\/3"}],"replies":[{"embeddable":true,"href":"https:\/\/bambapolitica.com.mx\/index.php\/wp-json\/wp\/v2\/comments?post=53566"}],"version-history":[{"count":1,"href":"https:\/\/bambapolitica.com.mx\/index.php\/wp-json\/wp\/v2\/posts\/53566\/revisions"}],"predecessor-version":[{"id":53568,"href":"https:\/\/bambapolitica.com.mx\/index.php\/wp-json\/wp\/v2\/posts\/53566\/revisions\/53568"}],"wp:featuredmedia":[{"embeddable":true,"href":"https:\/\/bambapolitica.com.mx\/index.php\/wp-json\/wp\/v2\/media\/53567"}],"wp:attachment":[{"href":"https:\/\/bambapolitica.com.mx\/index.php\/wp-json\/wp\/v2\/media?parent=53566"}],"wp:term":[{"taxonomy":"category","embeddable":true,"href":"https:\/\/bambapolitica.com.mx\/index.php\/wp-json\/wp\/v2\/categories?post=53566"},{"taxonomy":"post_tag","embeddable":true,"href":"https:\/\/bambapolitica.com.mx\/index.php\/wp-json\/wp\/v2\/tags?post=53566"}],"curies":[{"name":"wp","href":"https:\/\/api.w.org\/{rel}","templated":true}]}}