{"id":53572,"date":"2022-12-02T08:59:13","date_gmt":"2022-12-02T14:59:13","guid":{"rendered":"http:\/\/bambapolitica.com.mx\/?p=53572"},"modified":"2022-12-02T08:59:15","modified_gmt":"2022-12-02T14:59:15","slug":"encuentran-muerto-a-empresario-que-estaba-desaparecido","status":"publish","type":"post","link":"https:\/\/bambapolitica.com.mx\/index.php\/2022\/12\/02\/encuentran-muerto-a-empresario-que-estaba-desaparecido\/","title":{"rendered":"Encuentran muerto a empresario que estaba desaparecido"},"content":{"rendered":"\n<p>viernes, 2 de diciembre de 2022<\/p>\n\n\n\n<p>El empresario se encontraba desaparecido desde el martes 29 de noviembre.<br>\u201cEncobijado\u201d y con signos de violencia fue localizado el cuerpo sin vida del empresario transportista, Jorge Fajardo Valenzuela, quien hab\u00eda sido privado de la libertad dos d\u00edas antes en Guaymas, Sonora.<\/p>\n\n\n\n<p>El hallazgo se realiz\u00f3 la ma\u00f1ana del jueves 1 de diciembre en el kil\u00f3metro 7 de la carretera de Libramiento Federal Guaymas &#8211; Ciudad Obreg\u00f3n.<br>El empresario se encontraba desaparecido desde el martes 29 de noviembre, cuando sujetos armados lo sacaron del interior de un gimnasio ubicado sobre la calzada Agust\u00edn Garc\u00eda L\u00f3pez.<\/p>\n\n\n\n<p>El mi\u00e9rcoles, familiares, amigos y compa\u00f1eros transportistas bloquearon la carretera internacional M\u00e9xico 15 en la salida norte de Guaymas, denunciando la falta de informaci\u00f3n y de acciones de b\u00fasqueda por parte de la Fiscal\u00eda General de Justicia del Estado (FGJE).<\/p>\n\n\n\n<p>Con las fotograf\u00edas de la v\u00edctima en mano, exigieron a la autoridad que trabajaran m\u00e1s intensamente en el caso para dar con el paradero de Fajardo Valenzuela.<\/p>\n\n\n\n<p>Ante dicha medida, la Fiscal\u00eda inform\u00f3 que manten\u00eda las labores de b\u00fasqueda en la regi\u00f3n y en todo el estado mediante la coordinaci\u00f3n entre las Bases Operativas de la Agencia Ministerial de Informaci\u00f3n Criminal (AMIC).<\/p>\n\n\n\n<p>\u201cDesde que se tuvo conocimiento del hecho se activ\u00f3 protocolo de b\u00fasqueda, iniciaron diversos actos de investigaci\u00f3n recopilando informaci\u00f3n de c\u00e1maras, entrevistas, se envi\u00f3 orden de investigaci\u00f3n a la AMIC, con la denuncia de los familiares\u201d, aseguraba el mi\u00e9rcoles la Fiscal\u00eda.<br>Sin embargo, la ma\u00f1ana del jueves un reporte hecho al n\u00famero de emergencia 911 alert\u00f3 sobre la localizaci\u00f3n de un cuerpo que se encontraba a la orilla de la carretera, envuelto en una cobija amarrada con cinta canela que se encontraba.<\/p>\n\n\n\n<p>Horas despu\u00e9s fue confirmado que se trataba de Jorge Fajardo Valenzuela.<\/p>\n\n\n\n<p>Otro secuestro en noviembre<br>El 12 de noviembre fue rescatado sano y salvo en Hermosillo un arquitecto que horas antes habido sido secuestrado en Guaymas, donde fue sustra\u00eddo de su casa.<\/p>\n\n\n\n<p>Durante el operativo agentes ministeriales abatieron a dos de sus captores y posteriormente se inform\u00f3 que el autor intelectual del secuestro fue un interno del Cereso de Guaymas.<\/p>\n","protected":false},"excerpt":{"rendered":"<p>viernes, 2 de diciembre de 2022 El empresario se encontraba desaparecido desde el martes 29&#8230;<\/p>\n","protected":false},"author":3,"featured_media":53573,"comment_status":"closed","ping_status":"closed","sticky":false,"template":"","format":"standard","meta":{"footnotes":""},"categories":[2],"tags":[],"class_list":["post-53572","post","type-post","status-publish","format-standard","has-post-thumbnail","hentry","category-policiaca"],"_links":{"self":[{"href":"https:\/\/bambapolitica.com.mx\/index.php\/wp-json\/wp\/v2\/posts\/53572","targetHints":{"allow":["GET"]}}],"collection":[{"href":"https:\/\/bambapolitica.com.mx\/index.php\/wp-json\/wp\/v2\/posts"}],"about":[{"href":"https:\/\/bambapolitica.com.mx\/index.php\/wp-json\/wp\/v2\/types\/post"}],"author":[{"embeddable":true,"href":"https:\/\/bambapolitica.com.mx\/index.php\/wp-json\/wp\/v2\/users\/3"}],"replies":[{"embeddable":true,"href":"https:\/\/bambapolitica.com.mx\/index.php\/wp-json\/wp\/v2\/comments?post=53572"}],"version-history":[{"count":1,"href":"https:\/\/bambapolitica.com.mx\/index.php\/wp-json\/wp\/v2\/posts\/53572\/revisions"}],"predecessor-version":[{"id":53574,"href":"https:\/\/bambapolitica.com.mx\/index.php\/wp-json\/wp\/v2\/posts\/53572\/revisions\/53574"}],"wp:featuredmedia":[{"embeddable":true,"href":"https:\/\/bambapolitica.com.mx\/index.php\/wp-json\/wp\/v2\/media\/53573"}],"wp:attachment":[{"href":"https:\/\/bambapolitica.com.mx\/index.php\/wp-json\/wp\/v2\/media?parent=53572"}],"wp:term":[{"taxonomy":"category","embeddable":true,"href":"https:\/\/bambapolitica.com.mx\/index.php\/wp-json\/wp\/v2\/categories?post=53572"},{"taxonomy":"post_tag","embeddable":true,"href":"https:\/\/bambapolitica.com.mx\/index.php\/wp-json\/wp\/v2\/tags?post=53572"}],"curies":[{"name":"wp","href":"https:\/\/api.w.org\/{rel}","templated":true}]}}