{"id":53581,"date":"2022-12-02T09:09:23","date_gmt":"2022-12-02T15:09:23","guid":{"rendered":"http:\/\/bambapolitica.com.mx\/?p=53581"},"modified":"2022-12-02T09:09:25","modified_gmt":"2022-12-02T15:09:25","slug":"aseguran-miles-de-pastillas-de-fentanilo-dentro-de-cocos-en-sonora-iban-en-un-tractocamion","status":"publish","type":"post","link":"https:\/\/bambapolitica.com.mx\/index.php\/2022\/12\/02\/aseguran-miles-de-pastillas-de-fentanilo-dentro-de-cocos-en-sonora-iban-en-un-tractocamion\/","title":{"rendered":"Aseguran miles de pastillas de fentanilo dentro de cocos en Sonora; iban en un tractocami\u00f3n"},"content":{"rendered":"\n<p>viernes, 2 de diciembre de 2022<\/p>\n\n\n\n<p>Elementos de la FGR, adscritos a la Agencia de Investigaci\u00f3n Criminal (AIC), interceptaron la unidad.<br>Alrededor de 300 kilogramos de pastillas de fentanilo fueron asegurados por elementos de la Fiscal\u00eda General de la Rep\u00fablica (FGR) delegaci\u00f3n Sonora, en un cargamento de cocos que era transportado en un tractocami\u00f3n, en Pitiquito, Sonora.<\/p>\n\n\n\n<p>De acuerdo con informaci\u00f3n de la dependencia federal, en los cocos se ocultaron bolsas de pl\u00e1stico repletas de pastillas del mencionado opioide, un decomiso llevado a cabo este 1 de diciembre.<\/p>\n\n\n\n<p>Lo anterior, al detectarse la materia en un cami\u00f3n de carga que transportaba la fruta tropical por la carretera 26 que conduce a Puerto Libertad.<\/p>\n\n\n\n<p>Elementos de la FGR, adscritos a la Agencia de Investigaci\u00f3n Criminal (AIC), interceptaron la unidad y examinaron los cocos que estaban cortados a la mitad.<\/p>\n\n\n\n<p>Conten\u00edan bolsas de pl\u00e1stico rellenas de comprimidos de fentanilo, por lo que se asegur\u00f3 el cargamento como evidencia del delito, el cual dio un peso de 300 kilogramos.<\/p>\n\n\n\n<p>\u00bfQui\u00e9nes fueron los detenidos?<br>Tanto el conductor de la unidad, como su acompa\u00f1ante, quedaron detenidos y turnados al Ministerio P\u00fablico de la Federaci\u00f3n (MPF), en su delegaci\u00f3n Sonora.<\/p>\n\n\n\n<p>Se cont\u00f3 con el apoyo de la Polic\u00eda Federal Ministerial (PFM) para trasladar a los detenidos y el cami\u00f3n con el decomiso por el tramo carretero 26 en Puerto Libertad.<\/p>\n\n\n\n<p>Por tal motivo, la materia se integr\u00f3 a una carpeta de investigaci\u00f3n abierta para determinar as\u00ed la situaci\u00f3n legal de los involucrados en este delito en contra de la salud.<\/p>\n","protected":false},"excerpt":{"rendered":"<p>viernes, 2 de diciembre de 2022 Elementos de la FGR, adscritos a la Agencia de&#8230;<\/p>\n","protected":false},"author":3,"featured_media":53582,"comment_status":"closed","ping_status":"closed","sticky":false,"template":"","format":"standard","meta":{"footnotes":""},"categories":[2],"tags":[],"class_list":["post-53581","post","type-post","status-publish","format-standard","has-post-thumbnail","hentry","category-policiaca"],"_links":{"self":[{"href":"https:\/\/bambapolitica.com.mx\/index.php\/wp-json\/wp\/v2\/posts\/53581","targetHints":{"allow":["GET"]}}],"collection":[{"href":"https:\/\/bambapolitica.com.mx\/index.php\/wp-json\/wp\/v2\/posts"}],"about":[{"href":"https:\/\/bambapolitica.com.mx\/index.php\/wp-json\/wp\/v2\/types\/post"}],"author":[{"embeddable":true,"href":"https:\/\/bambapolitica.com.mx\/index.php\/wp-json\/wp\/v2\/users\/3"}],"replies":[{"embeddable":true,"href":"https:\/\/bambapolitica.com.mx\/index.php\/wp-json\/wp\/v2\/comments?post=53581"}],"version-history":[{"count":1,"href":"https:\/\/bambapolitica.com.mx\/index.php\/wp-json\/wp\/v2\/posts\/53581\/revisions"}],"predecessor-version":[{"id":53583,"href":"https:\/\/bambapolitica.com.mx\/index.php\/wp-json\/wp\/v2\/posts\/53581\/revisions\/53583"}],"wp:featuredmedia":[{"embeddable":true,"href":"https:\/\/bambapolitica.com.mx\/index.php\/wp-json\/wp\/v2\/media\/53582"}],"wp:attachment":[{"href":"https:\/\/bambapolitica.com.mx\/index.php\/wp-json\/wp\/v2\/media?parent=53581"}],"wp:term":[{"taxonomy":"category","embeddable":true,"href":"https:\/\/bambapolitica.com.mx\/index.php\/wp-json\/wp\/v2\/categories?post=53581"},{"taxonomy":"post_tag","embeddable":true,"href":"https:\/\/bambapolitica.com.mx\/index.php\/wp-json\/wp\/v2\/tags?post=53581"}],"curies":[{"name":"wp","href":"https:\/\/api.w.org\/{rel}","templated":true}]}}