{"id":53584,"date":"2022-12-02T09:37:48","date_gmt":"2022-12-02T15:37:48","guid":{"rendered":"http:\/\/bambapolitica.com.mx\/?p=53584"},"modified":"2022-12-02T09:37:50","modified_gmt":"2022-12-02T15:37:50","slug":"michelle-bachelet-llama-a-fortalecer-participacion-ciudadana-en-al-desde-la-fil-guadalajara","status":"publish","type":"post","link":"https:\/\/bambapolitica.com.mx\/index.php\/2022\/12\/02\/michelle-bachelet-llama-a-fortalecer-participacion-ciudadana-en-al-desde-la-fil-guadalajara\/","title":{"rendered":"Michelle Bachelet llama a fortalecer participaci\u00f3n ciudadana en AL desde la FIL Guadalajara"},"content":{"rendered":"\n<p>viernes, 2 de diciembre de 2022<\/p>\n\n\n\n<p>Bachelet afirm\u00f3 que la cohesi\u00f3n social en Am\u00e9rica Latina se lograr\u00e1 cuando los gobiernos fortalezcan la democracia<br>La expresidenta de Chile Michelle Bachelet afirm\u00f3 que la cohesi\u00f3n social en Am\u00e9rica Latina se lograr\u00e1 solo cuando los gobiernos fortalezcan la democracia y propicien una efectiva participaci\u00f3n de todos los sectores de la ciudadan\u00eda.<\/p>\n\n\n\n<p>En su intervenci\u00f3n en el Panel \u2018Retos de la cohesi\u00f3n en Am\u00e9rica Latina\u2018, realizado en la Feria Internacional del Libro de Guadalajara (FIL), la Alta Comisionada de las Naciones Unidas para los Derechos Humanos afirm\u00f3 que el progreso de la regi\u00f3n requiere de la uni\u00f3n de las capacidades comunes.<\/p>\n\n\n\n<p>\u201cSi queremos atacar nuestros problemas hist\u00f3ricos para dar forma a una convivencia cohesionada, debemos rescatar la fuerza de la democracia (\u2026) Solo se avanza en forma estable si la ciudadan\u00eda acompa\u00f1a y es parte de un proceso de cambio y solo se es eficaz cuando se da cabida a todas las capacidades\u201d, afirm\u00f3 en su mensaje grabado en video.<\/p>\n\n\n\n<p>A\u00f1adi\u00f3 que el Informe Internacional para la Democracia, dado a conocer el mi\u00e9rcoles, revel\u00f3 que un tercio de los pa\u00edses del mundo vive un declive en su democracia, ya sea por baja participaci\u00f3n electoral, acceso a la justicia o el estado de la libertad de expresi\u00f3n.<\/p>\n\n\n\n<p>\u201cEl problema es que hoy m\u00e1s que nunca la cultura democr\u00e1tica se hace necesaria para frenar tentaciones populistas y derechamente excluyentes. Una de las amenazas es el reflujo conservador y autoritario que considera a los derechos, la naturaleza y la participaci\u00f3n como obst\u00e1culos al poder central\u201d, sentenci\u00f3.<\/p>\n\n\n\n<p>La exmandataria consider\u00f3 que ha habido avances en distintos frentes de la regi\u00f3n y record\u00f3 que la inversi\u00f3n social lleg\u00f3 a estar en el 14 por ciento del Producto Interno Bruto (PIB) en el promedio regional y que, m\u00e1s all\u00e1 de los vaivenes de la pandemia por COVID-19 existe \u201cuna tendencia estable y en aumento de estos recursos\u201d.<\/p>\n\n\n\n<p>Cit\u00f3 datos de la Comisi\u00f3n Econ\u00f3mica para Am\u00e9rica Latina y el Caribe (Cepal) que indican que el 32.1 por ciento de los 662 millones de personas terminar\u00e1n el a\u00f1o bajo la l\u00ednea de la pobreza y miles de personas pueden perder lo que les ha tomado a\u00f1os conseguir debido a la inflaci\u00f3n y el enfriamiento econ\u00f3mico.<\/p>\n\n\n\n<p>Se\u00f1al\u00f3 que M\u00e9xico y Chile tienen puntos en com\u00fan no solo por pertenecer a la Organizaci\u00f3n para la Cooperaci\u00f3n y el Desarrollo Econ\u00f3micos, sino porque destacan en tener los peores \u00edndices en distribuci\u00f3n de ingresos.<\/p>\n\n\n\n<p>En el caso chileno el 1 por ciento de los m\u00e1s ricos concentran el 49 por ciento de la riqueza total del pa\u00eds y en M\u00e9xico el sector m\u00e1s adinerado concentra el 46 por ciento de la riqueza.<\/p>\n\n\n\n<p>Bachelet llam\u00f3 a escuchar no solo lo que los acad\u00e9micos y los intelectuales pueden aportar para lograr la cohesi\u00f3n social sino tambi\u00e9n a las comunidades minoritarias con saberes ancestrales.<\/p>\n\n\n\n<p>La FIL tiene lugar hasta el 4 de diciembre con un nutrido programa que incluye 620 presentaciones de libros, 3 mil actividades literarias, acad\u00e9micas y cient\u00edficas y la asistencia de 600 autoras y autores de 45 pa\u00edses.<\/p>\n","protected":false},"excerpt":{"rendered":"<p>viernes, 2 de diciembre de 2022 Bachelet afirm\u00f3 que la cohesi\u00f3n social en Am\u00e9rica Latina&#8230;<\/p>\n","protected":false},"author":3,"featured_media":53585,"comment_status":"closed","ping_status":"closed","sticky":false,"template":"","format":"standard","meta":{"footnotes":""},"categories":[5],"tags":[],"class_list":["post-53584","post","type-post","status-publish","format-standard","has-post-thumbnail","hentry","category-internacional"],"_links":{"self":[{"href":"https:\/\/bambapolitica.com.mx\/index.php\/wp-json\/wp\/v2\/posts\/53584","targetHints":{"allow":["GET"]}}],"collection":[{"href":"https:\/\/bambapolitica.com.mx\/index.php\/wp-json\/wp\/v2\/posts"}],"about":[{"href":"https:\/\/bambapolitica.com.mx\/index.php\/wp-json\/wp\/v2\/types\/post"}],"author":[{"embeddable":true,"href":"https:\/\/bambapolitica.com.mx\/index.php\/wp-json\/wp\/v2\/users\/3"}],"replies":[{"embeddable":true,"href":"https:\/\/bambapolitica.com.mx\/index.php\/wp-json\/wp\/v2\/comments?post=53584"}],"version-history":[{"count":1,"href":"https:\/\/bambapolitica.com.mx\/index.php\/wp-json\/wp\/v2\/posts\/53584\/revisions"}],"predecessor-version":[{"id":53586,"href":"https:\/\/bambapolitica.com.mx\/index.php\/wp-json\/wp\/v2\/posts\/53584\/revisions\/53586"}],"wp:featuredmedia":[{"embeddable":true,"href":"https:\/\/bambapolitica.com.mx\/index.php\/wp-json\/wp\/v2\/media\/53585"}],"wp:attachment":[{"href":"https:\/\/bambapolitica.com.mx\/index.php\/wp-json\/wp\/v2\/media?parent=53584"}],"wp:term":[{"taxonomy":"category","embeddable":true,"href":"https:\/\/bambapolitica.com.mx\/index.php\/wp-json\/wp\/v2\/categories?post=53584"},{"taxonomy":"post_tag","embeddable":true,"href":"https:\/\/bambapolitica.com.mx\/index.php\/wp-json\/wp\/v2\/tags?post=53584"}],"curies":[{"name":"wp","href":"https:\/\/api.w.org\/{rel}","templated":true}]}}