{"id":53596,"date":"2022-12-02T10:19:46","date_gmt":"2022-12-02T16:19:46","guid":{"rendered":"http:\/\/bambapolitica.com.mx\/?p=53596"},"modified":"2022-12-02T10:19:47","modified_gmt":"2022-12-02T16:19:47","slug":"nueva-york-busca-un-jefe-antirratas-sanguinario-y-con-instinto-asesino","status":"publish","type":"post","link":"https:\/\/bambapolitica.com.mx\/index.php\/2022\/12\/02\/nueva-york-busca-un-jefe-antirratas-sanguinario-y-con-instinto-asesino\/","title":{"rendered":"Nueva York busca un jefe antirratas \u201csanguinario\u201d y con \u201cinstinto asesino\u201d"},"content":{"rendered":"\n<p>viernes, 2 de diciembre de 2022<\/p>\n\n\n\n<p>Nueva York, embarcada desde hace d\u00e9cadas en una encarnizada y poco exitosa batalla contra las ratas, quiere dar un nuevo empuj\u00f3n a su lucha.<\/p>\n\n\n\n<p><br>\u00bfOdia las plagas? \u00bfTiene instinto asesino? \u00bfUn cierto car\u00e1cter sanguinario? Nueva York puede tener un nuevo trabajo para usted: la Gran Manzana busca un nuevo jefe antirratas.<br>La ciudad, embarcada desde hace d\u00e9cadas en una encarnizada y hasta ahora poco exitosa batalla contra estos animales, quiere dar un nuevo empuj\u00f3n a su lucha y para ello pretende contratar a un director de reducci\u00f3n de roedores.<\/p>\n\n\n\n<p>Si usted tiene el esp\u00edritu, la determinaci\u00f3n y el instinto asesino necesarios para luchar contra la implacable poblaci\u00f3n de ratas de Nueva York, entonces el trabajo de sus sue\u00f1os le espera\u201d, anunci\u00f3 este jueves el alcalde de la ciudad, Eric Adams, a trav\u00e9s de Twitter.<\/p>\n\n\n\n<p>La oferta de empleo hecha p\u00fablica por la Alcald\u00eda pide a los posibles candidatos un t\u00edtulo universitario, experiencia profesional de entre cinco y ocho a\u00f1os en planificaci\u00f3n urbana y gesti\u00f3n de proyectos o gobierno, tres referencias y conocimientos de Word, Excel y PowerPoint, entre otras cosas.<\/p>\n\n\n\n<p>Pero tambi\u00e9n busca otras cualidades menos habituales para un cargo p\u00fablico, como por ejemplo tener una \u201cactitud bravucona, sentido del humor y un aura general de tipo duro\u201d.<br>\u201cEl candidato ideal es alguien muy motivado y algo sediento de sangre, determinado a estudiar todas las soluciones desde distintos \u00e1ngulos, incluida la mejora de la eficiencia operativa, la recopilaci\u00f3n de datos, la innovaci\u00f3n tecnol\u00f3gica, la gesti\u00f3n de basuras y la matanza al por mayor\u201d, detalla la oferta.<\/p>\n\n\n\n<p>Pese al tono jocoso del anuncio, la remuneraci\u00f3n del puesto es seria: entre 120 mil y 170 mil d\u00f3lares anuales.<\/p>\n\n\n\n<p>La contrataci\u00f3n de este nuevo \u201cjefe antirratas\u201d se enmarca en los esfuerzos de la Administraci\u00f3n local por gestionar el problema de las ratas, que seg\u00fan varios informes ha empeorado de forma importante desde el inicio de la pandemia de coronavirus.<\/p>\n\n\n\n<p>Consciente de que la abundancia de ratas se ha convertido ya para muchos casi en un chiste, en parte por la proliferaci\u00f3n de v\u00eddeos de ellas en las redes sociales, el Ayuntamiento de Nueva York est\u00e1 tirando de humor para tratar de concienciar sobre esta plaga y promocionar sus nuevas medidas contra ella.<\/p>\n\n\n\n<p>Esta semana, por ejemplo, la Alcald\u00eda sac\u00f3 a la venta una camiseta ilustrada con la caricatura de un roedor que huye despavorido bajo el lema \u201cLas ratas no gobiernan la ciudad. Nosotros lo hacemos\u201d.<\/p>\n\n\n\n<p>\u201cA pesar su exitosa estrategia con el p\u00fablico y su insolente presencia en las redes sociales, las ratas no son nuestras amigas: son enemigos que deben ser vencidos por las fuerzas combinadas del Gobierno de nuestra ciudad\u201d, bromea el Ayuntamiento en su anuncio de empleo.<\/p>\n\n\n\n<p>Este a\u00f1o, la ciudad ha aprobado varias leyes para tratar de controlar el n\u00famero de ratas, que incluyen nuevas normas sobre el tiempo que la basura puede permanecer en las aceras antes de ser recogida, exige a los grandes proyectos de construcci\u00f3n contar con un exterminador antes de recibir permisos u obligan a edificios con problemas de roedores a instalar contenedores especiales.<\/p>\n\n\n\n<p>Aunque es muy complicado medir su poblaci\u00f3n, en 2014 un estudio estim\u00f3 que en Nueva York viven unos dos millones de ratas, aproximadamente la cuarta parte del n\u00famero de humanos.<\/p>\n","protected":false},"excerpt":{"rendered":"<p>viernes, 2 de diciembre de 2022 Nueva York, embarcada desde hace d\u00e9cadas en una encarnizada&#8230;<\/p>\n","protected":false},"author":3,"featured_media":53597,"comment_status":"closed","ping_status":"closed","sticky":false,"template":"","format":"standard","meta":{"footnotes":""},"categories":[5],"tags":[],"class_list":["post-53596","post","type-post","status-publish","format-standard","has-post-thumbnail","hentry","category-internacional"],"_links":{"self":[{"href":"https:\/\/bambapolitica.com.mx\/index.php\/wp-json\/wp\/v2\/posts\/53596","targetHints":{"allow":["GET"]}}],"collection":[{"href":"https:\/\/bambapolitica.com.mx\/index.php\/wp-json\/wp\/v2\/posts"}],"about":[{"href":"https:\/\/bambapolitica.com.mx\/index.php\/wp-json\/wp\/v2\/types\/post"}],"author":[{"embeddable":true,"href":"https:\/\/bambapolitica.com.mx\/index.php\/wp-json\/wp\/v2\/users\/3"}],"replies":[{"embeddable":true,"href":"https:\/\/bambapolitica.com.mx\/index.php\/wp-json\/wp\/v2\/comments?post=53596"}],"version-history":[{"count":1,"href":"https:\/\/bambapolitica.com.mx\/index.php\/wp-json\/wp\/v2\/posts\/53596\/revisions"}],"predecessor-version":[{"id":53598,"href":"https:\/\/bambapolitica.com.mx\/index.php\/wp-json\/wp\/v2\/posts\/53596\/revisions\/53598"}],"wp:featuredmedia":[{"embeddable":true,"href":"https:\/\/bambapolitica.com.mx\/index.php\/wp-json\/wp\/v2\/media\/53597"}],"wp:attachment":[{"href":"https:\/\/bambapolitica.com.mx\/index.php\/wp-json\/wp\/v2\/media?parent=53596"}],"wp:term":[{"taxonomy":"category","embeddable":true,"href":"https:\/\/bambapolitica.com.mx\/index.php\/wp-json\/wp\/v2\/categories?post=53596"},{"taxonomy":"post_tag","embeddable":true,"href":"https:\/\/bambapolitica.com.mx\/index.php\/wp-json\/wp\/v2\/tags?post=53596"}],"curies":[{"name":"wp","href":"https:\/\/api.w.org\/{rel}","templated":true}]}}