{"id":53599,"date":"2022-12-05T07:56:05","date_gmt":"2022-12-05T13:56:05","guid":{"rendered":"http:\/\/bambapolitica.com.mx\/?p=53599"},"modified":"2022-12-05T07:56:08","modified_gmt":"2022-12-05T13:56:08","slug":"ebrard-somos-tres-hermanos-de-amlo-pero-candidatura-es-asunto-de-capacidad","status":"publish","type":"post","link":"https:\/\/bambapolitica.com.mx\/index.php\/2022\/12\/05\/ebrard-somos-tres-hermanos-de-amlo-pero-candidatura-es-asunto-de-capacidad\/","title":{"rendered":"Ebrard: somos tres &#8220;hermanos&#8221; de AMLO, pero candidatura es asunto de capacidad"},"content":{"rendered":"\n<p>lunes, 5 de diciembre de 2022<\/p>\n\n\n\n<p>&#8220;El tema no es de cercan\u00eda, es qu\u00e9 propones\u2026 entonces se va a poner interesante\u201d, subray\u00f3 el canciller respecto al 2024<br>Marcelo Ebrard asegur\u00f3 que el presidente Andr\u00e9s Manuel L\u00f3pez Obrador tiene dos hermanos y una hermana, en alusi\u00f3n a Ad\u00e1n Augusto L\u00f3pez, Claudia Sheinbaum y \u00e9l, pero el tema de la candidatura presidencial no un asunto de cercan\u00eda, sino de capacidad y de qu\u00e9 propone cada quien.<\/p>\n\n\n\n<p>En entrevista al t\u00e9rmino de un acto masivo en el WTC ante unos 5 mil simpatizantes y militantes de Morena de los 300 distritos electorales, reconoci\u00f3 que espera una multa del INE por este evento, que aclar\u00f3 es acto interno de Morena para ganar la encuesta presidencial, as\u00ed como adelant\u00f3 que ya est\u00e1 juntando \u201cla polla\u201d para pagar la misma.<br>\u201cYa estamos preparando lo que proponemos, porque si es de cercan\u00eda el Presidente tiene tres hermanos, una hermana y dos hermanos, de manera que el tema no es de cercan\u00eda, es qu\u00e9 propones y que eres capaz de hacer. Entonces se va a poner interesante\u201d, subray\u00f3.<\/p>\n\n\n\n<p>Aclar\u00f3 que no se trat\u00f3 de \u201cacto masivo, abierto, en un lugar p\u00fablico, son cuadros de diferentes organizaciones, incluyendo a Morena por supuesto y de muchas asociaciones. Lo que significa el d\u00eda de hoy es que ya estamos completos los 300 distritos electorales presentes y la decisi\u00f3n de ganarle la encuesta a qui\u00e9n sea en el 2023. Repito, es un cargo interno del partido, porque luego se confunde\u201d.<br>A pregunta expresa si espera una multa del INE por este evento, apunt\u00f3: \u201cyo espero que no, pero a ver, ya no se puede\u201d y reconoci\u00f3 que \u201csiempre estamos juntando -para pagar una eventual multa- hacemos polla\u201d.<\/p>\n\n\n\n<p>Un poco antes en su discurso, tambi\u00e9n se refiri\u00f3 al tema: \u201cQueremos participar en la encuesta, que conste porque me va a llegar la sanci\u00f3n del INE, que esta encuesta es para una posici\u00f3n interna en Morena porque la elecciones el 24 y las candidaturas el 24. pero primero tenemos que ganar la otra encuesta, que por ah\u00ed hay quien dice que ya la tienen, que ya esto, ya lo otro ,todav\u00eda no empezamos, no hemos empezado. Hoy empezamos. Hoy es el d\u00eda uno&#8221;.<\/p>\n\n\n\n<p>El canciller reiter\u00f3 que la reuni\u00f3n de hoy \u201cno es un acto m\u00e1s\u201d porque se le tom\u00f3 protesta a representantes de los 300 distritos del pa\u00eds que promover\u00e1n a favor en la encuesta interna de Morena del pr\u00f3ximo a\u00f1o.<\/p>\n\n\n\n<p>\u201cVamos a participar en todos los espacios basados en la convicci\u00f3n de respeto a la ley, el no uso de recursos p\u00fablicos , el no obligar a nadie a que participe, que la gente decida qu\u00e9 es lo que quiere\u201d, agreg\u00f3 Ebrard.<br>\u201cVamos a consolidar la 4T como lo hicimos en la Ciudad de M\u00e9xico como lo hicimos en 2006 con los programas sociales de Andr\u00e9s Manuel L\u00f3pez Obrador. No vamos a cambiar los fundamentos de la Cuarta Transformaci\u00f3n\u201d.<\/p>\n\n\n\n<p>Cuestionado sobre la pertinencia de una reforma electoral de cara al 2024, dijo que la misma tiene que ver con lo costoso del sistema electoral mexicano, porque el objetivo principal es reducir ese costo. Nada m\u00e1s. Yo creo que si ahorita preguntas, el 90 por ciento estar\u00eda de acuerdo.<\/p>\n","protected":false},"excerpt":{"rendered":"<p>lunes, 5 de diciembre de 2022 &#8220;El tema no es de cercan\u00eda, es qu\u00e9 propones\u2026&#8230;<\/p>\n","protected":false},"author":3,"featured_media":53600,"comment_status":"closed","ping_status":"closed","sticky":false,"template":"","format":"standard","meta":{"footnotes":""},"categories":[4],"tags":[],"class_list":["post-53599","post","type-post","status-publish","format-standard","has-post-thumbnail","hentry","category-noticias-del-dia"],"_links":{"self":[{"href":"https:\/\/bambapolitica.com.mx\/index.php\/wp-json\/wp\/v2\/posts\/53599","targetHints":{"allow":["GET"]}}],"collection":[{"href":"https:\/\/bambapolitica.com.mx\/index.php\/wp-json\/wp\/v2\/posts"}],"about":[{"href":"https:\/\/bambapolitica.com.mx\/index.php\/wp-json\/wp\/v2\/types\/post"}],"author":[{"embeddable":true,"href":"https:\/\/bambapolitica.com.mx\/index.php\/wp-json\/wp\/v2\/users\/3"}],"replies":[{"embeddable":true,"href":"https:\/\/bambapolitica.com.mx\/index.php\/wp-json\/wp\/v2\/comments?post=53599"}],"version-history":[{"count":1,"href":"https:\/\/bambapolitica.com.mx\/index.php\/wp-json\/wp\/v2\/posts\/53599\/revisions"}],"predecessor-version":[{"id":53601,"href":"https:\/\/bambapolitica.com.mx\/index.php\/wp-json\/wp\/v2\/posts\/53599\/revisions\/53601"}],"wp:featuredmedia":[{"embeddable":true,"href":"https:\/\/bambapolitica.com.mx\/index.php\/wp-json\/wp\/v2\/media\/53600"}],"wp:attachment":[{"href":"https:\/\/bambapolitica.com.mx\/index.php\/wp-json\/wp\/v2\/media?parent=53599"}],"wp:term":[{"taxonomy":"category","embeddable":true,"href":"https:\/\/bambapolitica.com.mx\/index.php\/wp-json\/wp\/v2\/categories?post=53599"},{"taxonomy":"post_tag","embeddable":true,"href":"https:\/\/bambapolitica.com.mx\/index.php\/wp-json\/wp\/v2\/tags?post=53599"}],"curies":[{"name":"wp","href":"https:\/\/api.w.org\/{rel}","templated":true}]}}