{"id":53612,"date":"2022-12-05T08:29:03","date_gmt":"2022-12-05T14:29:03","guid":{"rendered":"http:\/\/bambapolitica.com.mx\/?p=53612"},"modified":"2022-12-05T08:29:06","modified_gmt":"2022-12-05T14:29:06","slug":"lopez-obrador-enviara-este-martes-al-congreso-su-plan-b-de-reforma-electoral","status":"publish","type":"post","link":"https:\/\/bambapolitica.com.mx\/index.php\/2022\/12\/05\/lopez-obrador-enviara-este-martes-al-congreso-su-plan-b-de-reforma-electoral\/","title":{"rendered":"L\u00f3pez Obrador enviar\u00e1 este martes al Congreso su plan B de Reforma Electoral"},"content":{"rendered":"\n<p>lunes, 5 de diciembre de 2022<\/p>\n\n\n\n<p>L\u00f3pez Obrador dijo que la reforma constitucional en materia electoral no ser\u00e1 aprobada en la C\u00e1mara de Diputados debido al bloque opositor<br>El Gobierno de M\u00e9xico enviar\u00e1 al Congreso el martes 6 de diciembre por la ma\u00f1ana el plan B de Reforma Electoral.<\/p>\n\n\n\n<p>Lo anterior fue confirmado por el titular de la Secretar\u00eda de Gobernaci\u00f3n (Segob), Ad\u00e1n Augusto L\u00f3pez, en la conferencia matutina llevada a cabo este lunes en Campeche.<\/p>\n\n\n\n<p>Se tiene previsto que ma\u00f1ana se env\u00ede en el transcurso de la ma\u00f1ana. Tengo entendido que hay sesi\u00f3n doble, citada a las 11:0 h y a \u00f1as 17:00 h, entonces el Congreso debe de estarla recibiendo en el transcurso de la ma\u00f1ana\u201d, detall\u00f3.<\/p>\n\n\n\n<p>El presidente Andr\u00e9s Manuel L\u00f3pez Obrador asever\u00f3 que la reforma constitucional en materia electoral no ser\u00e1 aprobada en la C\u00e1mara de Diputados, y arremeti\u00f3 contra los partidos de oposici\u00f3n.<\/p>\n\n\n\n<p>\u201cEs la iniciativa de reforma a la ley electoral, porque tambi\u00e9n no debe de sorprendernos, es normal, no van a votar los del PRI y PAN por la reforma constitucional que hemos propuesto, porque como ellos sostienen y muchos m\u00e1s, el INE no se toca\u201d, manifest\u00f3.<\/p>\n\n\n\n<p>\u201cEntonces van a detener la Reforma, no tiene mayor\u00eda, pero s\u00ed tienen los votos que se requieren para impedir na. reforma constitucional. De 500 votos se necesitan 334 para que pueda llevarse cabo la reforma y no la vamos a alcanzar porque est\u00e1n juntos como siempre, el PRI y el PAN.No tenemos la mayor\u00eda para la reforma constitucional, pero s\u00ed tenemos mayor\u00eda para que se aprueba la reforma electorla, la ley secundaria y ah\u00ed vamos a llevar a cabo algunos ajustes\u201d, explic\u00f3.<\/p>\n\n\n\n<p>El mandatario mexicano detall\u00f3 que entre los principales ajustes que tendr\u00e1n los cmbios a las leyes secundarias en materia electoral, ser\u00e1 acotar el presupuesto al Instituto Nacional Electoral (INE) as\u00ed como controlar la compra del voto.<\/p>\n\n\n\n<p>\u201cUna es que se pueda llevar a cabo una ajuste del presupuesto en el INE, no el dinero de los partidos para compactar oficinas, porque tienen dos, tres cuatro oficinas para lo mismo, es muy grande el aparato burocr\u00e1tico, que haya ahorros\u201d, enfatiz\u00f3<\/p>\n\n\n\n<p>\u201cLo otro que se puede, y que nos importa mucho, es controlar la compra del voto, va especificado en la ley, hoy por la tarde la vamos a revisar. Es la entrega de despensas, de materiales de construcci\u00f3n, de dinero en efectivo, el uso del presupuesto p\u00fablico\u201d, puntualiz\u00f3.<\/p>\n","protected":false},"excerpt":{"rendered":"<p>lunes, 5 de diciembre de 2022 L\u00f3pez Obrador dijo que la reforma constitucional en materia&#8230;<\/p>\n","protected":false},"author":3,"featured_media":53613,"comment_status":"closed","ping_status":"closed","sticky":false,"template":"","format":"standard","meta":{"footnotes":""},"categories":[4],"tags":[],"class_list":["post-53612","post","type-post","status-publish","format-standard","has-post-thumbnail","hentry","category-noticias-del-dia"],"_links":{"self":[{"href":"https:\/\/bambapolitica.com.mx\/index.php\/wp-json\/wp\/v2\/posts\/53612","targetHints":{"allow":["GET"]}}],"collection":[{"href":"https:\/\/bambapolitica.com.mx\/index.php\/wp-json\/wp\/v2\/posts"}],"about":[{"href":"https:\/\/bambapolitica.com.mx\/index.php\/wp-json\/wp\/v2\/types\/post"}],"author":[{"embeddable":true,"href":"https:\/\/bambapolitica.com.mx\/index.php\/wp-json\/wp\/v2\/users\/3"}],"replies":[{"embeddable":true,"href":"https:\/\/bambapolitica.com.mx\/index.php\/wp-json\/wp\/v2\/comments?post=53612"}],"version-history":[{"count":1,"href":"https:\/\/bambapolitica.com.mx\/index.php\/wp-json\/wp\/v2\/posts\/53612\/revisions"}],"predecessor-version":[{"id":53614,"href":"https:\/\/bambapolitica.com.mx\/index.php\/wp-json\/wp\/v2\/posts\/53612\/revisions\/53614"}],"wp:featuredmedia":[{"embeddable":true,"href":"https:\/\/bambapolitica.com.mx\/index.php\/wp-json\/wp\/v2\/media\/53613"}],"wp:attachment":[{"href":"https:\/\/bambapolitica.com.mx\/index.php\/wp-json\/wp\/v2\/media?parent=53612"}],"wp:term":[{"taxonomy":"category","embeddable":true,"href":"https:\/\/bambapolitica.com.mx\/index.php\/wp-json\/wp\/v2\/categories?post=53612"},{"taxonomy":"post_tag","embeddable":true,"href":"https:\/\/bambapolitica.com.mx\/index.php\/wp-json\/wp\/v2\/tags?post=53612"}],"curies":[{"name":"wp","href":"https:\/\/api.w.org\/{rel}","templated":true}]}}