{"id":53618,"date":"2022-12-05T08:41:02","date_gmt":"2022-12-05T14:41:02","guid":{"rendered":"http:\/\/bambapolitica.com.mx\/?p=53618"},"modified":"2022-12-05T08:41:07","modified_gmt":"2022-12-05T14:41:07","slug":"canacar-pide-a-agremiados-suspender-actividades-en-zacatecas-tras-violencia","status":"publish","type":"post","link":"https:\/\/bambapolitica.com.mx\/index.php\/2022\/12\/05\/canacar-pide-a-agremiados-suspender-actividades-en-zacatecas-tras-violencia\/","title":{"rendered":"Canacar pide a agremiados suspender actividades en Zacatecas tras violencia"},"content":{"rendered":"\n<p>lunes, 5 de diciembre de 2022<\/p>\n\n\n\n<p>Canacar dijo que este llamado tras la violencia registrada en Zacatecas, en donde se registraron bloqueos con veh\u00edculos incendiados.<\/p>\n\n\n\n<p><br>La C\u00e1mara Nacional del Autotransporte de Carga (Canacar) hizo un llamado a sus agremiados a suspender actividades de transporte desde y hacia Zacatecas hasta nuevo aviso, tras la violencia registrada en dicha entidad en las \u00faltimas horas y en donde se registraron bloqueos con veh\u00edculos incendiados.<\/p>\n\n\n\n<p><br>Por medio de un comunicado la noche del domingo, Canacar dijo que este llamado es para evitar cualquier tipo de afectaci\u00f3n a los operadores, unidades de carga y mercanc\u00edas.<\/p>\n\n\n\n<p>\u201cCanacar exhorta a los permisionarios del servicio p\u00fablico federal de carga a suspender actividades en la entidad, hasta nuevo aviso\u201d, se lee en el bolet\u00edn.<\/p>\n\n\n\n<p>Se cit\u00f3 informaci\u00f3n de la Guardia Nacional donde se se\u00f1ala sujetos armados se encontraban cometiendo quema y despojo de veh\u00edculos de carga en la carretera Fresnillo-Zacatecas, justo a la altura del puente del jorobado. Tambi\u00e9n hab\u00edaa veh\u00edculos siniestrados sobre la carretera Zacatecas-Durango y el cierre de la caseta Calera-Zacatecas.<\/p>\n\n\n\n<p>Tambi\u00e9n se detallaron veh\u00edculos incendiados en el kil\u00f3metro 10 de Zacatecas-Saltillo; kil\u00f3metro 63 del tramo Zacatecas-Aguascalientes y el camino Zacatecas-Guadalajara.<\/p>\n\n\n\n<p>\u201cCanacar mantiene estrecha comunicaci\u00f3n con las autoridades de seguridad de los tres niveles de gobierno. Confiamos en que, en apego al Estado de Derecho se recuperar\u00e1 la paz de inmediato\u201d, se lee en el comunicado.<\/p>\n\n\n\n<p>El domingo se reportaron bloqueos en diversas carreteras de Zacatecas. En un mensaje en redes sociales, el secretario de Seguridad de la entidad, Adolfo Mar\u00edn, se\u00f1al\u00f3 que los bloqueos fueron un distractor para ejecutar una fuga de reos en el penal de Cieneguillas.<\/p>\n\n\n\n<p>La entidad vive una ola de violencia macabra e inseguridad desde hace unos meses, ante la cual se implement\u00f3 un operativo liderada por las Fuerzas Armadas.<\/p>\n","protected":false},"excerpt":{"rendered":"<p>lunes, 5 de diciembre de 2022 Canacar dijo que este llamado tras la violencia registrada&#8230;<\/p>\n","protected":false},"author":3,"featured_media":53619,"comment_status":"closed","ping_status":"closed","sticky":false,"template":"","format":"standard","meta":{"footnotes":""},"categories":[4],"tags":[],"class_list":["post-53618","post","type-post","status-publish","format-standard","has-post-thumbnail","hentry","category-noticias-del-dia"],"_links":{"self":[{"href":"https:\/\/bambapolitica.com.mx\/index.php\/wp-json\/wp\/v2\/posts\/53618","targetHints":{"allow":["GET"]}}],"collection":[{"href":"https:\/\/bambapolitica.com.mx\/index.php\/wp-json\/wp\/v2\/posts"}],"about":[{"href":"https:\/\/bambapolitica.com.mx\/index.php\/wp-json\/wp\/v2\/types\/post"}],"author":[{"embeddable":true,"href":"https:\/\/bambapolitica.com.mx\/index.php\/wp-json\/wp\/v2\/users\/3"}],"replies":[{"embeddable":true,"href":"https:\/\/bambapolitica.com.mx\/index.php\/wp-json\/wp\/v2\/comments?post=53618"}],"version-history":[{"count":1,"href":"https:\/\/bambapolitica.com.mx\/index.php\/wp-json\/wp\/v2\/posts\/53618\/revisions"}],"predecessor-version":[{"id":53620,"href":"https:\/\/bambapolitica.com.mx\/index.php\/wp-json\/wp\/v2\/posts\/53618\/revisions\/53620"}],"wp:featuredmedia":[{"embeddable":true,"href":"https:\/\/bambapolitica.com.mx\/index.php\/wp-json\/wp\/v2\/media\/53619"}],"wp:attachment":[{"href":"https:\/\/bambapolitica.com.mx\/index.php\/wp-json\/wp\/v2\/media?parent=53618"}],"wp:term":[{"taxonomy":"category","embeddable":true,"href":"https:\/\/bambapolitica.com.mx\/index.php\/wp-json\/wp\/v2\/categories?post=53618"},{"taxonomy":"post_tag","embeddable":true,"href":"https:\/\/bambapolitica.com.mx\/index.php\/wp-json\/wp\/v2\/tags?post=53618"}],"curies":[{"name":"wp","href":"https:\/\/api.w.org\/{rel}","templated":true}]}}