{"id":53621,"date":"2022-12-05T08:48:09","date_gmt":"2022-12-05T14:48:09","guid":{"rendered":"http:\/\/bambapolitica.com.mx\/?p=53621"},"modified":"2022-12-05T08:48:13","modified_gmt":"2022-12-05T14:48:13","slug":"en-veracruz-mujer-embarazada-es-encontrada-muerta-su-bebe-fue-entregado-en-un-hospital","status":"publish","type":"post","link":"https:\/\/bambapolitica.com.mx\/index.php\/2022\/12\/05\/en-veracruz-mujer-embarazada-es-encontrada-muerta-su-bebe-fue-entregado-en-un-hospital\/","title":{"rendered":"En Veracruz, mujer embarazada es encontrada muerta; su beb\u00e9 fue entregado en un hospital"},"content":{"rendered":"\n<p>lunes, 5 de diciembre de 2022<\/p>\n\n\n\n<p>Rosa Isela Castro sali\u00f3 el 30 de noviembre para verse con una mujer que le regalar\u00eda cosas para su beb\u00e9, este s\u00e1bado fue encontrada sin vida en un rancho abandonado.<\/p>\n\n\n\n<p><br>Despu\u00e9s de tres d\u00edas de haber desaparecido, Rosa Isela Castro V\u00e1zquez, quien ten\u00eda ocho meses de embarazo, fue encontrada muerta en un rancho abandonado a orillas de la autopista Veracruz-C\u00f3rdoba, en la comunidad de Paso del Arriero en la localidad de Medell\u00edn del Bravo, perteneciente a la zona metropolitana de Veracruz.<\/p>\n\n\n\n<p>El cuerpo de la joven embarazada que desapareci\u00f3 el 30 de noviembre de 2022 en la ciudad de Veracruz, fue localizada este s\u00e1bado tras un operativo en el inmueble donde luego de que las autoridades ministeriales realizaron las diligencias correspondientes, el lugar luce sin cintas de acordonamiento ni vigilancia.<\/p>\n\n\n\n<p><br>En tanto, el beb\u00e9 de Risa Isela Castro fue entregado por una pareja en el Hospital Infantil de Veracruz durante la madrugada de este s\u00e1bado, sin embargo, las personas que llevaron a la reci\u00e9n nacida fueron detenidos para determinar su responsabilidad en los hechos.<\/p>\n\n\n\n<p>Luego de que la familia de la joven de 20 a\u00f1os de edad se enter\u00f3 que su beb\u00e9 se encontraba en el hospital, pidi\u00f3 que se investigue qu\u00e9 fue lo que ocurri\u00f3 as\u00ed como la custodia del beb\u00e9, pues indic\u00f3 que les resulta extra\u00f1a la actitud de la pareja de Rosa Isela.<\/p>\n\n\n\n<p>\u00bfC\u00f3mo desapareci\u00f3 Rosa Isela en Veracruz?<br>El pasado 30 de noviembre, una mujer se contact\u00f3 con Rosa Isela a trav\u00e9s de Facebook para citarla con la promesa de darle regalos para su futuro beb\u00e9.<br>La cita fue en la avenida J.B. Lobos en el predio Las Bajadas, cerca del aeropuerto de Veracruz, frente a una farmacia. Despu\u00e9s de ese momento, Rosa Isela ya no volvi\u00f3 a casa. Mientras tanto, el perfil de Facebook fue dado de baja.<\/p>\n\n\n\n<p>En las primeras investigaciones, las autoridades indicaron que a trav\u00e9s de una c\u00e1mara de seguridad se logr\u00f3 apreciar que Rosa Isela s\u00ed se reuni\u00f3 con una mujer, quien tard\u00f3 en llegar a la cita. En la grabaci\u00f3n se observa que se acerca a la joven, mira para todos lados y despu\u00e9s ambas suben a un veh\u00edculo.<\/p>\n\n\n\n<p>Hasta el momento se conoce que la joven hab\u00eda retornado a su casa despu\u00e9s de subirse a un veh\u00edculo con la mujer que la cit\u00f3 con la promesa de regalarle ropa para su beb\u00e9, y volvi\u00f3 a irse con ella.<\/p>\n","protected":false},"excerpt":{"rendered":"<p>lunes, 5 de diciembre de 2022 Rosa Isela Castro sali\u00f3 el 30 de noviembre para&#8230;<\/p>\n","protected":false},"author":3,"featured_media":53622,"comment_status":"closed","ping_status":"closed","sticky":false,"template":"","format":"standard","meta":{"footnotes":""},"categories":[4],"tags":[],"class_list":["post-53621","post","type-post","status-publish","format-standard","has-post-thumbnail","hentry","category-noticias-del-dia"],"_links":{"self":[{"href":"https:\/\/bambapolitica.com.mx\/index.php\/wp-json\/wp\/v2\/posts\/53621","targetHints":{"allow":["GET"]}}],"collection":[{"href":"https:\/\/bambapolitica.com.mx\/index.php\/wp-json\/wp\/v2\/posts"}],"about":[{"href":"https:\/\/bambapolitica.com.mx\/index.php\/wp-json\/wp\/v2\/types\/post"}],"author":[{"embeddable":true,"href":"https:\/\/bambapolitica.com.mx\/index.php\/wp-json\/wp\/v2\/users\/3"}],"replies":[{"embeddable":true,"href":"https:\/\/bambapolitica.com.mx\/index.php\/wp-json\/wp\/v2\/comments?post=53621"}],"version-history":[{"count":1,"href":"https:\/\/bambapolitica.com.mx\/index.php\/wp-json\/wp\/v2\/posts\/53621\/revisions"}],"predecessor-version":[{"id":53623,"href":"https:\/\/bambapolitica.com.mx\/index.php\/wp-json\/wp\/v2\/posts\/53621\/revisions\/53623"}],"wp:featuredmedia":[{"embeddable":true,"href":"https:\/\/bambapolitica.com.mx\/index.php\/wp-json\/wp\/v2\/media\/53622"}],"wp:attachment":[{"href":"https:\/\/bambapolitica.com.mx\/index.php\/wp-json\/wp\/v2\/media?parent=53621"}],"wp:term":[{"taxonomy":"category","embeddable":true,"href":"https:\/\/bambapolitica.com.mx\/index.php\/wp-json\/wp\/v2\/categories?post=53621"},{"taxonomy":"post_tag","embeddable":true,"href":"https:\/\/bambapolitica.com.mx\/index.php\/wp-json\/wp\/v2\/tags?post=53621"}],"curies":[{"name":"wp","href":"https:\/\/api.w.org\/{rel}","templated":true}]}}