{"id":53624,"date":"2022-12-05T08:52:41","date_gmt":"2022-12-05T14:52:41","guid":{"rendered":"http:\/\/bambapolitica.com.mx\/?p=53624"},"modified":"2022-12-05T08:52:44","modified_gmt":"2022-12-05T14:52:44","slug":"pico-de-orizaba-en-riesgo-por-falta-de-ecoturismo-y-conciencia-ambiental","status":"publish","type":"post","link":"https:\/\/bambapolitica.com.mx\/index.php\/2022\/12\/05\/pico-de-orizaba-en-riesgo-por-falta-de-ecoturismo-y-conciencia-ambiental\/","title":{"rendered":"Pico de Orizaba en riesgo por falta de ecoturismo y conciencia ambiental"},"content":{"rendered":"\n<p>lunes, 5 de diciembre de 2022<\/p>\n\n\n\n<p>Los habitantes de poblaciones ubicadas en las faldas del Pico de Orizaba se\u00f1alan que los turistas da\u00f1an su ecosistema y ponen en riesgo sus vidas por falta de gu\u00edas que les hablen sobre el cuidado de la naturaleza.<br>El Pico de Orizaba se enfrenta a varios poblemas ambientales y de inseguridad, ante la falta de gu\u00edas expertos y de conciencia sobre el cuidado de la naturaleza, por parte de visitantes o turistas que llegan a esta monta\u00f1a.<\/p>\n\n\n\n<p>Los problemas m\u00e1s comunes que causa la falta de regulaci\u00f3n, son el robo de especies end\u00e9micas y la desaparici\u00f3n de turistas que se aventuran sin conocer las condiciones que tiene la monta\u00f1a, lo que ya cobr\u00f3 la vida de dos personas.<br>La situaci\u00f3n gener\u00f3 que se vuelva necesario controlar el acceso a este parque ecotur\u00edstico, ya que a pesar de la afluencia que presenta, no hay organizaciones que velen por el cuidado tanto de los visitantes, como del lugar en s\u00ed.<\/p>\n\n\n\n<p>Existe la Red de Turismo de Monta\u00f1a, Sol y Niebla, A.C., que se ha enfrentado con presuntos monta\u00f1istas, que a trav\u00e9s de las redes sociales generan desinformaci\u00f3n y desprestigio sobre los habitantes de estas comunidades, que por a\u00f1os han trabajado en la preservaci\u00f3n del parque nacional y que por esta raz\u00f3n se han quedado sin una fuente de ingresos para sus familias.<\/p>\n\n\n\n<p>Santa Sandoval, presidenta de la Red de Turismo de Monta\u00f1a, Sol y Niebla, explic\u00f3 que hay comunidades en municipios de la regi\u00f3n de las altas monta\u00f1as que han encontrado en el turismo de naturaleza una alternativa de ingresos, combin\u00e1ndola con la preservaci\u00f3n del medio ambiente.<\/p>\n\n\n\n<p>El intento por regular el acceso a este espacio caus\u00f3 la molestia de algunos visitantes que dicen amar la monta\u00f1a, pero que han atacado en redes sociales, sin respetar los usos y costumbres de aquellos que buscan cuidar tanto del turista, como del centro natural.<\/p>\n\n\n\n<p>\u201cEs un problema que todos los lugares que tenemos naturaleza presentamos, con grupos que quieren disfrutar, pero no de la manera adecuada y que llegan a los lugares que han hecho un gran esfuerzo para generar un turismo responsable y se sienten con el derecho de hacer mal uso de las instalciones y no limpiar; entonces se convierte en un problema, porque hoy dicen que todos los lugares son de los mexicanos, pero la gente debe entender que debe de respetar\u201d, se\u00f1al\u00f3.<br>Pobladores de una comunidad de Veracruz, denominada Atlahuilco, se dedicaban a brindar servicios de alimentos, gu\u00eda a unas grutas y cascadas, pero dejaron de recibir visitantes por falsas acusaciones en redes sociales.<\/p>\n\n\n\n<p><br>Santa explic\u00f3 que comunidades como esta hab\u00edan comenzado vivir del turismo, por lo que se organizaban en grupos para recibir a los 5, 10, 15 turistas que llegaban y a trav\u00e9s de senderos llevarlos a los atractivos tur\u00edsticos naturales.<\/p>\n\n\n\n<p>Sin embargo, en una ocasi\u00f3n, mientras las personas se dedicaban a realizar la faena, lleg\u00f3 un grupo de personas a visitar el lugar, los habitantes pidieron cooperaci\u00f3n &#8220;para el refresco&#8221;, a cambio de llevarlos a recorrer, pero los turistas se dijeron secuestrados, se dijeron agredidos, se dijeron ofendidos e hicieron una campa\u00f1a en redes sociales desprestigiando a los pobladores.<\/p>\n\n\n\n<p>&#8220;En redes sociales dijeron que era gente salvaje, gente que los quer\u00eda linchar, \u00bfse imagina como afect\u00f3 eso a la comunidad?, una comunidad que empezaba a recibir turismo, lo perdi\u00f3 por la desinformaci\u00f3n\u201d, expuso.<br>Agreg\u00f3 que las comunidades, los ambientalistas y los prestadores de servicios, tomaron la iniciativa de cuidar el Pico de Orizaba, mediante aprovechamiento respetuoso, responsable, por lo que llamaron a respetar a estas cooperativas.<\/p>\n\n\n\n<p>\u201cHay varios emprendimientos como el centro este de cascadas y ahora tenemos una Red de Turismo de Monta\u00f1a, que est\u00e1 constituida y que nos est\u00e1 permitiendo que las operadoras tur\u00edsticas peque\u00f1as puedan entender, conocer, hacer turismo social, turismo ambiental, hacer ecoturismo, est\u00e1 permitiendo ir mitigando un poco la voracidad que se tiene al no haber planes de desarrollo de los municipios&#8221;, expres\u00f3 Emilio Benigno Zilli Debernardi, presidente de la Iniciativa del volc\u00e1n al mar.<br>Sin embargo, a decir de los interesados, esos esfuerzos son insuficientes cuando no hay control, ni vigilancia alguna y la llegada de visitantes crece.<\/p>\n\n\n\n<p>\u201cSe ha dado un gran incremento de visitas despu\u00e9s de la pandemia, los lugares que tienen naturaleza son lugares con mayor demanda, hoy la gente quiere convivir m\u00e1s con el entorno natural; tambi\u00e9n debemos de tener la responsabilidad de llevarnos todas las fotograf\u00edas que queramos, pero no sustraer absolutamente nada. Generalmente en la zona alta de la monta\u00f1a se sustrae mucho la rosa del volc\u00e1n, est\u00e1 de hecho prohibido, es un delito hacerlo, pero hay personas que se llevan los ramilletes completos, entonces finalmente es un delito\u201d, sentenci\u00f3.<\/p>\n\n\n\n<p><br>Santa expuso que urge mayor vigilancia en el parque nacional:<\/p>\n\n\n\n<p>\u201cSomos un parque nacional, si t\u00fa vas a Argentina, a Canad\u00e1 o a China, todos los parques nacionales son \u00e1reas protegidas y se paga un usufructo por entrar, no es nada econ\u00f3mico y sirve para estar all\u00ed; aqu\u00ed hay un brazalete que se tiene que pagar, pero la gente sube y no hay ni siquiera quien cobre, no hay control, no se sabe cu\u00e1ntos suben y quienes bajan\u201d, a\u00f1adi\u00f3 .<br>El director de Turismo de Aventura, Ricardo Rodr\u00edguez Dem\u00e9neghi, alert\u00f3 sobre esa situaci\u00f3n de falta de vigilancia y control, que llega a provocar muertes.<\/p>\n\n\n\n<p>Llam\u00f3 a los turistas que visiten las altas monta\u00f1as, a contratar servicios de gu\u00edas y empresas certificadas, pero sobre todo a que reporten su visita al parque nacional, para que los cuerpos de emergencia y rescate tengan una ruta, ante cualquier eventualidad, pues se han registrado siete accidentes con personas lesionadas y dos fallecidas por estas circunstancias.<\/p>\n","protected":false},"excerpt":{"rendered":"<p>lunes, 5 de diciembre de 2022 Los habitantes de poblaciones ubicadas en las faldas del&#8230;<\/p>\n","protected":false},"author":3,"featured_media":53625,"comment_status":"closed","ping_status":"closed","sticky":false,"template":"","format":"standard","meta":{"footnotes":""},"categories":[4],"tags":[],"class_list":["post-53624","post","type-post","status-publish","format-standard","has-post-thumbnail","hentry","category-noticias-del-dia"],"_links":{"self":[{"href":"https:\/\/bambapolitica.com.mx\/index.php\/wp-json\/wp\/v2\/posts\/53624","targetHints":{"allow":["GET"]}}],"collection":[{"href":"https:\/\/bambapolitica.com.mx\/index.php\/wp-json\/wp\/v2\/posts"}],"about":[{"href":"https:\/\/bambapolitica.com.mx\/index.php\/wp-json\/wp\/v2\/types\/post"}],"author":[{"embeddable":true,"href":"https:\/\/bambapolitica.com.mx\/index.php\/wp-json\/wp\/v2\/users\/3"}],"replies":[{"embeddable":true,"href":"https:\/\/bambapolitica.com.mx\/index.php\/wp-json\/wp\/v2\/comments?post=53624"}],"version-history":[{"count":1,"href":"https:\/\/bambapolitica.com.mx\/index.php\/wp-json\/wp\/v2\/posts\/53624\/revisions"}],"predecessor-version":[{"id":53626,"href":"https:\/\/bambapolitica.com.mx\/index.php\/wp-json\/wp\/v2\/posts\/53624\/revisions\/53626"}],"wp:featuredmedia":[{"embeddable":true,"href":"https:\/\/bambapolitica.com.mx\/index.php\/wp-json\/wp\/v2\/media\/53625"}],"wp:attachment":[{"href":"https:\/\/bambapolitica.com.mx\/index.php\/wp-json\/wp\/v2\/media?parent=53624"}],"wp:term":[{"taxonomy":"category","embeddable":true,"href":"https:\/\/bambapolitica.com.mx\/index.php\/wp-json\/wp\/v2\/categories?post=53624"},{"taxonomy":"post_tag","embeddable":true,"href":"https:\/\/bambapolitica.com.mx\/index.php\/wp-json\/wp\/v2\/tags?post=53624"}],"curies":[{"name":"wp","href":"https:\/\/api.w.org\/{rel}","templated":true}]}}