{"id":53627,"date":"2022-12-05T08:57:42","date_gmt":"2022-12-05T14:57:42","guid":{"rendered":"http:\/\/bambapolitica.com.mx\/?p=53627"},"modified":"2022-12-05T08:57:45","modified_gmt":"2022-12-05T14:57:45","slug":"yesenia-de-13-anos-aparece-muerta-en-veracruz-llevaba-24-horas-desaparecida","status":"publish","type":"post","link":"https:\/\/bambapolitica.com.mx\/index.php\/2022\/12\/05\/yesenia-de-13-anos-aparece-muerta-en-veracruz-llevaba-24-horas-desaparecida\/","title":{"rendered":"Yesenia de 13 a\u00f1os aparece muerta en Veracruz, llevaba 24 horas desaparecida"},"content":{"rendered":"\n<p>lunes, 5 de diciembre de 2022<\/p>\n\n\n\n<p>Autoridades del estado emitieron una ficha de b\u00fasqueda, pero este domingo fue localizada sin vida en un lote bald\u00edo de Coatzacoalcos.<\/p>\n\n\n\n<p><br>Despu\u00e9s de 24 horas desaparecida, Yesenia N., de 13 a\u00f1os, fue localizada sin vida en un lote bald\u00edo en el Puerto de Coatzacoalcos al sur de Veracruz; la adolescente sali\u00f3 de su casa con rumbo a una tienda cercana, pero nunca regres\u00f3.<\/p>\n\n\n\n<p>La ma\u00f1ana de este domingo 4 de noviembre, las autoridades fueron alertadas por la presencia del cuerpo de una persona en un lote bald\u00edo ubicado sobre la calle Faisanes de la colonia Santa Isabel , segunda<br>Tras acudir se percataron que se trataba de una menor, cuyo cuerpo presentaba huellas de violencia, por lo que procedieron a acordonar la escena del crimen.<\/p>\n\n\n\n<p>Tras la llegada de elementos ministeriales, se confirm\u00f3 que se trataba de la menor que horas antes fue reportada c\u00f3mo desaparecida por sus familiares.<\/p>\n\n\n\n<p>La Comisi\u00f3n Estatal de B\u00fasqueda, ya hab\u00eda emitido una ficha para ayudar a su localizaci\u00f3n.<br>La abuela de Yesenia acudi\u00f3 al lugar para identificar el cad\u00e1ver de la menor, para despu\u00e9s trasladarse al Servicio M\u00e9dico Forense d\u00f3nde se realizar\u00e1n los estudios para confirmar las causas de su muerte, aunque todo apunta a que fue asesinada y luego arrojada en este predio abandonado asentado en el poniente de la ciudad.<\/p>\n\n\n\n<p>Se inform\u00f3 que gracias al sistema de geolocalizaci\u00f3n de su celular la encontraron.<\/p>\n\n\n\n<p>Yesenia estudiaba en la Escuela Secundaria Federal n\u00famero 5 en la misma colonia donde fue encontrada sin vida, todav\u00eda se desconocen los motivos de la muerte, por lo que tampoco hay responsables de este presunto feminicidio, que ha consternado a la poblaci\u00f3n porte\u00f1a tras dar a conocer la noticia.<\/p>\n\n\n\n<p>Personal de la Fiscal\u00eda General del Estado se present\u00f3 al lugar donde apareci\u00f3 el cuerpo e inici\u00f3 con las investigaciones para tratar de dar con los responsables.<\/p>\n","protected":false},"excerpt":{"rendered":"<p>lunes, 5 de diciembre de 2022 Autoridades del estado emitieron una ficha de b\u00fasqueda, pero&#8230;<\/p>\n","protected":false},"author":3,"featured_media":53628,"comment_status":"closed","ping_status":"closed","sticky":false,"template":"","format":"standard","meta":{"footnotes":""},"categories":[2],"tags":[],"class_list":["post-53627","post","type-post","status-publish","format-standard","has-post-thumbnail","hentry","category-policiaca"],"_links":{"self":[{"href":"https:\/\/bambapolitica.com.mx\/index.php\/wp-json\/wp\/v2\/posts\/53627","targetHints":{"allow":["GET"]}}],"collection":[{"href":"https:\/\/bambapolitica.com.mx\/index.php\/wp-json\/wp\/v2\/posts"}],"about":[{"href":"https:\/\/bambapolitica.com.mx\/index.php\/wp-json\/wp\/v2\/types\/post"}],"author":[{"embeddable":true,"href":"https:\/\/bambapolitica.com.mx\/index.php\/wp-json\/wp\/v2\/users\/3"}],"replies":[{"embeddable":true,"href":"https:\/\/bambapolitica.com.mx\/index.php\/wp-json\/wp\/v2\/comments?post=53627"}],"version-history":[{"count":1,"href":"https:\/\/bambapolitica.com.mx\/index.php\/wp-json\/wp\/v2\/posts\/53627\/revisions"}],"predecessor-version":[{"id":53629,"href":"https:\/\/bambapolitica.com.mx\/index.php\/wp-json\/wp\/v2\/posts\/53627\/revisions\/53629"}],"wp:featuredmedia":[{"embeddable":true,"href":"https:\/\/bambapolitica.com.mx\/index.php\/wp-json\/wp\/v2\/media\/53628"}],"wp:attachment":[{"href":"https:\/\/bambapolitica.com.mx\/index.php\/wp-json\/wp\/v2\/media?parent=53627"}],"wp:term":[{"taxonomy":"category","embeddable":true,"href":"https:\/\/bambapolitica.com.mx\/index.php\/wp-json\/wp\/v2\/categories?post=53627"},{"taxonomy":"post_tag","embeddable":true,"href":"https:\/\/bambapolitica.com.mx\/index.php\/wp-json\/wp\/v2\/tags?post=53627"}],"curies":[{"name":"wp","href":"https:\/\/api.w.org\/{rel}","templated":true}]}}